{"id":4010,"date":"2020-12-15T14:55:00","date_gmt":"2020-12-15T16:55:00","guid":{"rendered":"https:\/\/www.confere.org.br\/wordpress\/?p=4010"},"modified":"2020-12-15T14:55:01","modified_gmt":"2020-12-15T16:55:01","slug":"comercio-eletronico-impulsiona-expectativa-de-alta-nas-vendas-de-natal","status":"publish","type":"post","link":"https:\/\/www.confere.org.br\/wordpress\/comercio-eletronico-impulsiona-expectativa-de-alta-nas-vendas-de-natal\/","title":{"rendered":"Com\u00e9rcio eletr\u00f4nico impulsiona expectativa de alta nas vendas de Natal"},"content":{"rendered":"\n<p>As vendas do Natal 2020 devem ter uma alta de 3,4% em compara\u00e7\u00e3o com o de 2019, informou hoje (15) a Confedera\u00e7\u00e3o Nacional do Com\u00e9rcio de Bens, Servi\u00e7os e Turismo (CNC). Ela aponta as vendas&nbsp;<em>online<\/em>&nbsp;como o principal impulso para chegar a esse resultado.&nbsp;<img src=\"https:\/\/agenciabrasil.ebc.com.br\/ebc.png?id=1396459&amp;o=node\"><img src=\"https:\/\/agenciabrasil.ebc.com.br\/ebc.gif?id=1396459&amp;o=node\"><\/p>\n\n\n\n<p>A previs\u00e3o \u00e9 uma revis\u00e3o da expectativa anterior, que era de um aumento de 2,2% nas vendas em rela\u00e7\u00e3o ao ano passado. Se confirmado, o crescimento das vendas em 2020 ser\u00e1 o maior desde 2017.<\/p>\n\n\n\n<p>A CNC espera que as vendas pela internet no per\u00edodo de Natal tenham um aumento de 64% em rela\u00e7\u00e3o ao ano passado, acompanhando a tend\u00eancia de crescimento vista ao longo de 2020. Entre o in\u00edcio da pandemia em mar\u00e7o e o m\u00eas de setembro, o varejo eletr\u00f4nico teve um aumento de 45% no volume de vendas, e o n\u00famero de pedidos cresceu 110% na compara\u00e7\u00e3o com 2019.<\/p>\n\n\n\n<p>O presidente da CNC, Jos\u00e9 Roberto Tadros, disse que, a despeito da conjuntura adversa, o Natal deve trazer alguma recupera\u00e7\u00e3o ao setor, mas prev\u00ea que 2021 ter\u00e1 &#8220;um cen\u00e1rio dif\u00edcil, de lenta recupera\u00e7\u00e3o&#8221;.<\/p>\n\n\n\n<h4><br>Vagas tempor\u00e1rias<\/h4>\n\n\n\n<p>Enquanto as vendas devem subir impulsionadas pelo<em>&nbsp;e-commerce<\/em>&nbsp;(com\u00e9rcio eletr\u00f4nico), a gera\u00e7\u00e3o de vagas de trabalho tempor\u00e1rias deve cair 20% em rela\u00e7\u00e3o a 2019, com 18 mil postos a menos.<\/p>\n\n\n\n<p>A CNC aponta que a cesta composta por 214 bens e servi\u00e7os mais consumidos nesta \u00e9poca do ano mostra que os valores medidos atrav\u00e9s do \u00cdndice de Pre\u00e7os ao Consumidor Amplo (IPCA) apresentam avan\u00e7o m\u00e9dio de 9,4% nos 12 meses encerrados em novembro. Se esse ritmo de reajuste for mantido, o Natal de 2020 apresentar\u00e1 a maior alta de pre\u00e7os desde 2015, com aumento 11%.<\/p>\n\n\n\n<p>A desvaloriza\u00e7\u00e3o do Real \u00e9 encarada como a principal raz\u00e3o para a queda de 16,5% nas importa\u00e7\u00f5es de produtos tipicamente natalinos no trimestre encerrado em novembro, na compara\u00e7\u00e3o com os mesmos meses de 2019. A \u00fanica categoria de produto que n\u00e3o teve queda de importa\u00e7\u00e3o foi a de bebidas.<\/p>\n\n\n\n<p>J\u00e1 os alimentos est\u00e3o entre os produtos natalinos mais impactados pela desvaloriza\u00e7\u00e3o cambial, que chega a 32,3% nos 12 meses finalizados em novembro, segundo a CNC.<\/p>\n\n\n\n<p>A confedera\u00e7\u00e3o cita dados do Instituto Brasileiro de Geografia e Estat\u00edstica (IBGE) para apontar que o valor desses produtos no \u00cdndice de Pre\u00e7os ao Produtor (IPP), que mede a infla\u00e7\u00e3o nos pre\u00e7os praticados pelos produtores, teve alta de 36% nos 12 meses encerrados em outubro. No mesmo per\u00edodo, a infla\u00e7\u00e3o ao consumidor final teve alta de 12% para os mesmos produtos, o que comprime as margens do varejo.<\/p>\n\n\n\n<p><br><br>Fonte: <a rel=\"noreferrer noopener\" href=\"https:\/\/agenciabrasil.ebc.com.br\/economia\/noticia\/2020-12\/comercio-eletronico-impulsiona-expectativa-de-alta-nas-vendas-de-natal\" target=\"_blank\">Ag\u00eancia Brasil<\/a><\/p>\n","protected":false},"excerpt":{"rendered":"<p>Faturamento de lojas pode subir 3,4%, diz a CNC<\/p>\n","protected":false},"author":3,"featured_media":3516,"comment_status":"closed","ping_status":"closed","sticky":false,"template":"","format":"standard","meta":[],"categories":[2],"tags":[],"_links":{"self":[{"href":"https:\/\/www.confere.org.br\/wordpress\/wp-json\/wp\/v2\/posts\/4010"}],"collection":[{"href":"https:\/\/www.confere.org.br\/wordpress\/wp-json\/wp\/v2\/posts"}],"about":[{"href":"https:\/\/www.confere.org.br\/wordpress\/wp-json\/wp\/v2\/types\/post"}],"author":[{"embeddable":true,"href":"https:\/\/www.confere.org.br\/wordpress\/wp-json\/wp\/v2\/users\/3"}],"replies":[{"embeddable":true,"href":"https:\/\/www.confere.org.br\/wordpress\/wp-json\/wp\/v2\/comments?post=4010"}],"version-history":[{"count":1,"href":"https:\/\/www.confere.org.br\/wordpress\/wp-json\/wp\/v2\/posts\/4010\/revisions"}],"predecessor-version":[{"id":4011,"href":"https:\/\/www.confere.org.br\/wordpress\/wp-json\/wp\/v2\/posts\/4010\/revisions\/4011"}],"wp:featuredmedia":[{"embeddable":true,"href":"https:\/\/www.confere.org.br\/wordpress\/wp-json\/wp\/v2\/media\/3516"}],"wp:attachment":[{"href":"https:\/\/www.confere.org.br\/wordpress\/wp-json\/wp\/v2\/media?parent=4010"}],"wp:term":[{"taxonomy":"category","embeddable":true,"href":"https:\/\/www.confere.org.br\/wordpress\/wp-json\/wp\/v2\/categories?post=4010"},{"taxonomy":"post_tag","embeddable":true,"href":"https:\/\/www.confere.org.br\/wordpress\/wp-json\/wp\/v2\/tags?post=4010"}],"curies":[{"name":"wp","href":"https:\/\/api.w.org\/{rel}","templated":true}]}}