{"id":4015,"date":"2020-12-16T15:02:00","date_gmt":"2020-12-16T17:02:00","guid":{"rendered":"https:\/\/www.confere.org.br\/wordpress\/?p=4015"},"modified":"2022-11-18T10:53:15","modified_gmt":"2022-11-18T13:53:15","slug":"2020-portaria-no-48-2020","status":"publish","type":"post","link":"https:\/\/www.confere.org.br\/wordpress\/2020-portaria-no-48-2020\/","title":{"rendered":"2020 &#8211; Portaria n\u00ba 48\/2020"},"content":{"rendered":"\n<p>Altera\u00e7\u00e3o da composi\u00e7\u00e3o da Comiss\u00e3o do Processo Administrativo Disciplinar n\u00ba 02\/2020 &#8211; Confere<\/p>\n\n\n\n<p><a href=\"https:\/\/www.confere.org.br\/wordpress\/wp-content\/uploads\/2020\/12\/Portaria-48-2020-Confere.pdf\" target=\"_blank\" rel=\"noreferrer noopener\">https:\/\/www.confere.org.br\/wordpress\/wp-content\/uploads\/2020\/12\/Portaria-48-2020-Confere.pdf<\/a><\/p>\n","protected":false},"excerpt":{"rendered":"<p>48, Portaria, https:\/\/www.confere.org.br\/wordpress\/wp-content\/uploads\/2020\/12\/Portaria-48-2020-Confere.pdf<\/p>\n","protected":false},"author":3,"featured_media":0,"comment_status":"closed","ping_status":"closed","sticky":false,"template":"","format":"standard","meta":[],"categories":[52],"tags":[],"_links":{"self":[{"href":"https:\/\/www.confere.org.br\/wordpress\/wp-json\/wp\/v2\/posts\/4015"}],"collection":[{"href":"https:\/\/www.confere.org.br\/wordpress\/wp-json\/wp\/v2\/posts"}],"about":[{"href":"https:\/\/www.confere.org.br\/wordpress\/wp-json\/wp\/v2\/types\/post"}],"author":[{"embeddable":true,"href":"https:\/\/www.confere.org.br\/wordpress\/wp-json\/wp\/v2\/users\/3"}],"replies":[{"embeddable":true,"href":"https:\/\/www.confere.org.br\/wordpress\/wp-json\/wp\/v2\/comments?post=4015"}],"version-history":[{"count":3,"href":"https:\/\/www.confere.org.br\/wordpress\/wp-json\/wp\/v2\/posts\/4015\/revisions"}],"predecessor-version":[{"id":4018,"href":"https:\/\/www.confere.org.br\/wordpress\/wp-json\/wp\/v2\/posts\/4015\/revisions\/4018"}],"wp:attachment":[{"href":"https:\/\/www.confere.org.br\/wordpress\/wp-json\/wp\/v2\/media?parent=4015"}],"wp:term":[{"taxonomy":"category","embeddable":true,"href":"https:\/\/www.confere.org.br\/wordpress\/wp-json\/wp\/v2\/categories?post=4015"},{"taxonomy":"post_tag","embeddable":true,"href":"https:\/\/www.confere.org.br\/wordpress\/wp-json\/wp\/v2\/tags?post=4015"}],"curies":[{"name":"wp","href":"https:\/\/api.w.org\/{rel}","templated":true}]}}