{"id":4033,"date":"2021-01-05T12:32:50","date_gmt":"2021-01-05T14:32:50","guid":{"rendered":"https:\/\/www.confere.org.br\/wordpress\/?p=4033"},"modified":"2021-01-05T12:34:21","modified_gmt":"2021-01-05T14:34:21","slug":"voce-conhece-a-lei-n-4-886","status":"publish","type":"post","link":"https:\/\/www.confere.org.br\/wordpress\/voce-conhece-a-lei-n-4-886\/","title":{"rendered":"VOC\u00ca CONHECE A LEI N\u00b0 4.886?"},"content":{"rendered":"\n<p>MAS ATEN\u00c7\u00c3O: ESTE POST CONT\u00c9M DICAS QUE PODEM MINIMIZAR OS RISCOS AO CONTRATAR SEUS REPRESENTANTES COMERCIAIS!<\/p>\n\n\n\n<p><\/p>\n\n\n\n<p><br>Todo mundo reconhece a import\u00e2ncia do papel do representante comercial no sucesso das empresas. Mas quando voc\u00ea contrata um \u201cprofissional\u201d n\u00e3o registrado no Conselho Regional de Representantes \u2013 o CORE \u2013 est\u00e1 assumindo um risco n\u00e3o apenas em rela\u00e7\u00e3o ao desempenho do trabalhador, mas tamb\u00e9m de se ver envolvido em uma indesej\u00e1vel disputa trabalhista.<\/p>\n\n\n\n<p><\/p>\n\n\n\n<p><br>O registro resguarda voc\u00ea do v\u00ednculo empregat\u00edcio, uma vez que a lei enquadra os representantes comerciais numa categoria profissional aut\u00f4noma e independente.<\/p>\n\n\n\n<p><\/p>\n\n\n\n<p><br>Portanto, quando for contratar, leve em conta n\u00e3o apenas o curr\u00edculo do candidato, mas seu registro no CORE!<\/p>\n","protected":false},"excerpt":{"rendered":"<p>SE A SUA RESPOSTA \u00c9 N\u00c3O, ACREDITE, VOC\u00ca N\u00c3O EST\u00c1 SOZINHO NESSA.<\/p>\n","protected":false},"author":3,"featured_media":4035,"comment_status":"closed","ping_status":"closed","sticky":false,"template":"","format":"standard","meta":[],"categories":[34,49],"tags":[],"_links":{"self":[{"href":"https:\/\/www.confere.org.br\/wordpress\/wp-json\/wp\/v2\/posts\/4033"}],"collection":[{"href":"https:\/\/www.confere.org.br\/wordpress\/wp-json\/wp\/v2\/posts"}],"about":[{"href":"https:\/\/www.confere.org.br\/wordpress\/wp-json\/wp\/v2\/types\/post"}],"author":[{"embeddable":true,"href":"https:\/\/www.confere.org.br\/wordpress\/wp-json\/wp\/v2\/users\/3"}],"replies":[{"embeddable":true,"href":"https:\/\/www.confere.org.br\/wordpress\/wp-json\/wp\/v2\/comments?post=4033"}],"version-history":[{"count":3,"href":"https:\/\/www.confere.org.br\/wordpress\/wp-json\/wp\/v2\/posts\/4033\/revisions"}],"predecessor-version":[{"id":4038,"href":"https:\/\/www.confere.org.br\/wordpress\/wp-json\/wp\/v2\/posts\/4033\/revisions\/4038"}],"wp:featuredmedia":[{"embeddable":true,"href":"https:\/\/www.confere.org.br\/wordpress\/wp-json\/wp\/v2\/media\/4035"}],"wp:attachment":[{"href":"https:\/\/www.confere.org.br\/wordpress\/wp-json\/wp\/v2\/media?parent=4033"}],"wp:term":[{"taxonomy":"category","embeddable":true,"href":"https:\/\/www.confere.org.br\/wordpress\/wp-json\/wp\/v2\/categories?post=4033"},{"taxonomy":"post_tag","embeddable":true,"href":"https:\/\/www.confere.org.br\/wordpress\/wp-json\/wp\/v2\/tags?post=4033"}],"curies":[{"name":"wp","href":"https:\/\/api.w.org\/{rel}","templated":true}]}}