{"id":4040,"date":"2021-01-05T12:51:48","date_gmt":"2021-01-05T14:51:48","guid":{"rendered":"https:\/\/www.confere.org.br\/wordpress\/?p=4040"},"modified":"2021-01-05T12:57:52","modified_gmt":"2021-01-05T14:57:52","slug":"curso-de-representacao-comercial","status":"publish","type":"post","link":"https:\/\/www.confere.org.br\/wordpress\/curso-de-representacao-comercial\/","title":{"rendered":"CURSO DE REPRESENTA\u00c7\u00c3O COMERCIAL"},"content":{"rendered":"\n<p>Afinal, produtos e servi\u00e7os nunca deixam de ser negociados para o mundo n\u00e3o parar.<\/p>\n\n\n\n<p><\/p>\n\n\n\n<p><br>Para atuar como representante comercial n\u00e3o \u00e9 exigido, por lei, uma forma\u00e7\u00e3o espec\u00edfica. Mas quem tem voca\u00e7\u00e3o e realmente ama a \u00e1rea deve investir em capacita\u00e7\u00e3o. Certamente, os cursos ser\u00e3o um diferencial de ouro para as grandes empresas que disponibilizam contratos.<\/p>\n\n\n\n<p><\/p>\n\n\n\n<p><br>E tem mais! A forma\u00e7\u00e3o acad\u00eamica abre um leque de mil outras possibilidades profissionais.<\/p>\n\n\n\n<p><\/p>\n\n\n\n<p><br><\/p>\n\n\n\n<figure class=\"wp-block-image\"><img src=\"https:\/\/webmail.confere.org.br\/service\/home\/~\/?auth=co&amp;loc=pt_BR&amp;id=26929&amp;part=3\" alt=\"\"\/><\/figure>\n\n\n\n<p><br><\/p>\n\n\n\n<figure class=\"wp-block-image\"><img src=\"https:\/\/webmail.confere.org.br\/service\/home\/~\/?auth=co&amp;loc=pt_BR&amp;id=26929&amp;part=4\" alt=\"\"\/><\/figure>\n","protected":false},"excerpt":{"rendered":"<p>Mesmo em tempos de economia desacelerada, o mercado da representa\u00e7\u00e3o comercial gera in\u00fameras vagas.<\/p>\n","protected":false},"author":3,"featured_media":4039,"comment_status":"closed","ping_status":"closed","sticky":false,"template":"","format":"standard","meta":[],"categories":[34,49],"tags":[],"_links":{"self":[{"href":"https:\/\/www.confere.org.br\/wordpress\/wp-json\/wp\/v2\/posts\/4040"}],"collection":[{"href":"https:\/\/www.confere.org.br\/wordpress\/wp-json\/wp\/v2\/posts"}],"about":[{"href":"https:\/\/www.confere.org.br\/wordpress\/wp-json\/wp\/v2\/types\/post"}],"author":[{"embeddable":true,"href":"https:\/\/www.confere.org.br\/wordpress\/wp-json\/wp\/v2\/users\/3"}],"replies":[{"embeddable":true,"href":"https:\/\/www.confere.org.br\/wordpress\/wp-json\/wp\/v2\/comments?post=4040"}],"version-history":[{"count":5,"href":"https:\/\/www.confere.org.br\/wordpress\/wp-json\/wp\/v2\/posts\/4040\/revisions"}],"predecessor-version":[{"id":4045,"href":"https:\/\/www.confere.org.br\/wordpress\/wp-json\/wp\/v2\/posts\/4040\/revisions\/4045"}],"wp:featuredmedia":[{"embeddable":true,"href":"https:\/\/www.confere.org.br\/wordpress\/wp-json\/wp\/v2\/media\/4039"}],"wp:attachment":[{"href":"https:\/\/www.confere.org.br\/wordpress\/wp-json\/wp\/v2\/media?parent=4040"}],"wp:term":[{"taxonomy":"category","embeddable":true,"href":"https:\/\/www.confere.org.br\/wordpress\/wp-json\/wp\/v2\/categories?post=4040"},{"taxonomy":"post_tag","embeddable":true,"href":"https:\/\/www.confere.org.br\/wordpress\/wp-json\/wp\/v2\/tags?post=4040"}],"curies":[{"name":"wp","href":"https:\/\/api.w.org\/{rel}","templated":true}]}}