{"id":4046,"date":"2021-01-06T10:54:06","date_gmt":"2021-01-06T12:54:06","guid":{"rendered":"https:\/\/www.confere.org.br\/wordpress\/?p=4046"},"modified":"2021-01-06T10:57:12","modified_gmt":"2021-01-06T12:57:12","slug":"do-zero-ao-empreendedorismo","status":"publish","type":"post","link":"https:\/\/www.confere.org.br\/wordpress\/do-zero-ao-empreendedorismo\/","title":{"rendered":"DO ZERO AO EMPREENDEDORISMO"},"content":{"rendered":"\n<p>Para isso, \u00e9 preciso entender bem o mercado da representa\u00e7\u00e3o comercial e as habilidades necess\u00e1rias para o desenvolvimento do trabalho. Depois, vem a parte burocr\u00e1tica de abertura de neg\u00f3cio, acompanhe as imagens abaixo.<\/p>\n\n\n\n<figure class=\"wp-block-image size-large\"><img width=\"1024\" height=\"1024\" src=\"https:\/\/www.confere.org.br\/wordpress\/wp-content\/uploads\/2021\/01\/Artboard-2-1024x1024.png\" alt=\"\" class=\"wp-image-4048\" srcset=\"https:\/\/www.confere.org.br\/wordpress\/wp-content\/uploads\/2021\/01\/Artboard-2-1024x1024.png 1024w, https:\/\/www.confere.org.br\/wordpress\/wp-content\/uploads\/2021\/01\/Artboard-2-300x300.png 300w, https:\/\/www.confere.org.br\/wordpress\/wp-content\/uploads\/2021\/01\/Artboard-2-150x150.png 150w, https:\/\/www.confere.org.br\/wordpress\/wp-content\/uploads\/2021\/01\/Artboard-2-768x768.png 768w, https:\/\/www.confere.org.br\/wordpress\/wp-content\/uploads\/2021\/01\/Artboard-2.png 1080w\" sizes=\"(max-width: 1024px) 100vw, 1024px\" \/><figcaption><br><\/figcaption><\/figure>\n\n\n\n<figure class=\"wp-block-image size-large\"><img width=\"1024\" height=\"1024\" src=\"https:\/\/www.confere.org.br\/wordpress\/wp-content\/uploads\/2021\/01\/Artboard-3-1024x1024.png\" alt=\"\" class=\"wp-image-4049\" srcset=\"https:\/\/www.confere.org.br\/wordpress\/wp-content\/uploads\/2021\/01\/Artboard-3-1024x1024.png 1024w, https:\/\/www.confere.org.br\/wordpress\/wp-content\/uploads\/2021\/01\/Artboard-3-300x300.png 300w, https:\/\/www.confere.org.br\/wordpress\/wp-content\/uploads\/2021\/01\/Artboard-3-150x150.png 150w, https:\/\/www.confere.org.br\/wordpress\/wp-content\/uploads\/2021\/01\/Artboard-3-768x768.png 768w, https:\/\/www.confere.org.br\/wordpress\/wp-content\/uploads\/2021\/01\/Artboard-3.png 1080w\" sizes=\"(max-width: 1024px) 100vw, 1024px\" \/><\/figure>\n\n\n\n<figure class=\"wp-block-image size-large\"><img width=\"1024\" height=\"1024\" src=\"https:\/\/www.confere.org.br\/wordpress\/wp-content\/uploads\/2021\/01\/Artboard-4-1024x1024.png\" alt=\"\" class=\"wp-image-4050\" srcset=\"https:\/\/www.confere.org.br\/wordpress\/wp-content\/uploads\/2021\/01\/Artboard-4-1024x1024.png 1024w, https:\/\/www.confere.org.br\/wordpress\/wp-content\/uploads\/2021\/01\/Artboard-4-300x300.png 300w, https:\/\/www.confere.org.br\/wordpress\/wp-content\/uploads\/2021\/01\/Artboard-4-150x150.png 150w, https:\/\/www.confere.org.br\/wordpress\/wp-content\/uploads\/2021\/01\/Artboard-4-768x768.png 768w, https:\/\/www.confere.org.br\/wordpress\/wp-content\/uploads\/2021\/01\/Artboard-4.png 1080w\" sizes=\"(max-width: 1024px) 100vw, 1024px\" \/><figcaption><br><\/figcaption><\/figure>\n\n\n\n<figure class=\"wp-block-image size-large\"><img width=\"1024\" height=\"1024\" src=\"https:\/\/www.confere.org.br\/wordpress\/wp-content\/uploads\/2021\/01\/Artboard-5-1024x1024.png\" alt=\"\" class=\"wp-image-4052\" srcset=\"https:\/\/www.confere.org.br\/wordpress\/wp-content\/uploads\/2021\/01\/Artboard-5-1024x1024.png 1024w, https:\/\/www.confere.org.br\/wordpress\/wp-content\/uploads\/2021\/01\/Artboard-5-300x300.png 300w, https:\/\/www.confere.org.br\/wordpress\/wp-content\/uploads\/2021\/01\/Artboard-5-150x150.png 150w, https:\/\/www.confere.org.br\/wordpress\/wp-content\/uploads\/2021\/01\/Artboard-5-768x768.png 768w, https:\/\/www.confere.org.br\/wordpress\/wp-content\/uploads\/2021\/01\/Artboard-5.png 1080w\" sizes=\"(max-width: 1024px) 100vw, 1024px\" \/><\/figure>\n\n\n\n<figure class=\"wp-block-image size-large\"><img width=\"1024\" height=\"1024\" src=\"https:\/\/www.confere.org.br\/wordpress\/wp-content\/uploads\/2021\/01\/Artboard-6-1024x1024.png\" alt=\"\" class=\"wp-image-4053\" srcset=\"https:\/\/www.confere.org.br\/wordpress\/wp-content\/uploads\/2021\/01\/Artboard-6-1024x1024.png 1024w, https:\/\/www.confere.org.br\/wordpress\/wp-content\/uploads\/2021\/01\/Artboard-6-300x300.png 300w, https:\/\/www.confere.org.br\/wordpress\/wp-content\/uploads\/2021\/01\/Artboard-6-150x150.png 150w, https:\/\/www.confere.org.br\/wordpress\/wp-content\/uploads\/2021\/01\/Artboard-6-768x768.png 768w, https:\/\/www.confere.org.br\/wordpress\/wp-content\/uploads\/2021\/01\/Artboard-6.png 1080w\" sizes=\"(max-width: 1024px) 100vw, 1024px\" \/><figcaption><br><\/figcaption><\/figure>\n\n\n\n<figure class=\"wp-block-image size-large\"><img width=\"1024\" height=\"1024\" src=\"https:\/\/www.confere.org.br\/wordpress\/wp-content\/uploads\/2021\/01\/Artboard-7-1024x1024.png\" alt=\"\" class=\"wp-image-4054\" srcset=\"https:\/\/www.confere.org.br\/wordpress\/wp-content\/uploads\/2021\/01\/Artboard-7-1024x1024.png 1024w, https:\/\/www.confere.org.br\/wordpress\/wp-content\/uploads\/2021\/01\/Artboard-7-300x300.png 300w, https:\/\/www.confere.org.br\/wordpress\/wp-content\/uploads\/2021\/01\/Artboard-7-150x150.png 150w, https:\/\/www.confere.org.br\/wordpress\/wp-content\/uploads\/2021\/01\/Artboard-7-768x768.png 768w, https:\/\/www.confere.org.br\/wordpress\/wp-content\/uploads\/2021\/01\/Artboard-7.png 1080w\" sizes=\"(max-width: 1024px) 100vw, 1024px\" \/><\/figure>\n\n\n\n<p><br>Se voc\u00ea tem interesse em abrir uma empresa de representa\u00e7\u00e3o comercial, aproveite as dicas e deixe suas d\u00favidas nos coment\u00e1rios!<\/p>\n\n\n\n<p>Para mais informa\u00e7\u00f5es, acesse o site do Confere atrav\u00e9s do link da bio.<br><a rel=\"noreferrer noopener\" href=\"https:\/\/confere.org.br\/\" target=\"_blank\">www.confere.org.br<\/a><\/p>\n","protected":false},"excerpt":{"rendered":"<p>A representa\u00e7\u00e3o comercial sempre foi uma \u00e1rea de extrema relev\u00e2ncia para a sociedade e para o desenvolvimento econ\u00f4mico do pa\u00eds, projetando-se como uma grande oportunidade de mercado para quem busca montar a sua pr\u00f3pria empresa.<\/p>\n","protected":false},"author":3,"featured_media":4047,"comment_status":"closed","ping_status":"closed","sticky":false,"template":"","format":"standard","meta":[],"categories":[34,49],"tags":[],"_links":{"self":[{"href":"https:\/\/www.confere.org.br\/wordpress\/wp-json\/wp\/v2\/posts\/4046"}],"collection":[{"href":"https:\/\/www.confere.org.br\/wordpress\/wp-json\/wp\/v2\/posts"}],"about":[{"href":"https:\/\/www.confere.org.br\/wordpress\/wp-json\/wp\/v2\/types\/post"}],"author":[{"embeddable":true,"href":"https:\/\/www.confere.org.br\/wordpress\/wp-json\/wp\/v2\/users\/3"}],"replies":[{"embeddable":true,"href":"https:\/\/www.confere.org.br\/wordpress\/wp-json\/wp\/v2\/comments?post=4046"}],"version-history":[{"count":3,"href":"https:\/\/www.confere.org.br\/wordpress\/wp-json\/wp\/v2\/posts\/4046\/revisions"}],"predecessor-version":[{"id":4057,"href":"https:\/\/www.confere.org.br\/wordpress\/wp-json\/wp\/v2\/posts\/4046\/revisions\/4057"}],"wp:featuredmedia":[{"embeddable":true,"href":"https:\/\/www.confere.org.br\/wordpress\/wp-json\/wp\/v2\/media\/4047"}],"wp:attachment":[{"href":"https:\/\/www.confere.org.br\/wordpress\/wp-json\/wp\/v2\/media?parent=4046"}],"wp:term":[{"taxonomy":"category","embeddable":true,"href":"https:\/\/www.confere.org.br\/wordpress\/wp-json\/wp\/v2\/categories?post=4046"},{"taxonomy":"post_tag","embeddable":true,"href":"https:\/\/www.confere.org.br\/wordpress\/wp-json\/wp\/v2\/tags?post=4046"}],"curies":[{"name":"wp","href":"https:\/\/api.w.org\/{rel}","templated":true}]}}