{"id":4058,"date":"2021-01-06T12:24:20","date_gmt":"2021-01-06T14:24:20","guid":{"rendered":"https:\/\/www.confere.org.br\/wordpress\/?p=4058"},"modified":"2021-01-06T12:24:21","modified_gmt":"2021-01-06T14:24:21","slug":"expansao-do-setor-de-servicos-do-brasil-acelera-em-dezembro-e-confianca-melhora-aponta-pmi","status":"publish","type":"post","link":"https:\/\/www.confere.org.br\/wordpress\/expansao-do-setor-de-servicos-do-brasil-acelera-em-dezembro-e-confianca-melhora-aponta-pmi\/","title":{"rendered":"Expans\u00e3o do setor de servi\u00e7os do Brasil acelera em dezembro e confian\u00e7a melhora, aponta PMI"},"content":{"rendered":"\n<p>No \u00faltimo m\u00eas do ano, o PMI de servi\u00e7os subiu a 51,1, de 50,9 em novembro, permanecendo acima da marca de 50, que separa crescimento de contra\u00e7\u00e3o, de acordo com o IHS Markit.<\/p>\n\n\n\n<p>Os participantes da pesquisa associaram o crescimento maior \u00e0s perspectivas melhores diante de not\u00edcias sobre uma vacina para a Covid-19, al\u00e9m da reabertura de alguns estabelecimentos e condi\u00e7\u00f5es melhores de demanda.<\/p>\n\n\n\n<p>O crescimento foi generalizado nos cinco subsetores monitorados, liderados por Transporte e Armazenamento.<\/p>\n\n\n\n<p>&#8220;O setor de servi\u00e7os brasileiro terminou 2020 de forma melhor apesar da pandemia de Covid-19&#8221;, afirmou em nota a diretora econ\u00f4mica da IHS Markit, Pollyanna De Lima.<\/p>\n\n\n\n<p>O n\u00edvel de otimismo em dezembro mostrou melhora em rela\u00e7\u00e3o ao m\u00eas anterior, com a perspectiva de uma vacina e fornecedores de servi\u00e7os cada vez mais confiantes em aumento da produ\u00e7\u00e3o em 2021.<\/p>\n\n\n\n<p>As novas encomendas aumentaram pelo quinto m\u00eas seguido em dezembro, com a taxa de expans\u00e3o acelerando em rela\u00e7\u00e3o a novembro. Dos cinco subsetores acompanhados, somente Finan\u00e7as e Seguros n\u00e3o apresentou crescimento, uma vez que teve estabilidade no m\u00eas.<\/p>\n\n\n\n<p>A demanda externa tamb\u00e9m melhorou em dezembro, quando foi registrado o segundo aumento consecutivo nas novas encomendas para exporta\u00e7\u00e3o e \u00e0 taxa mais forte em mais de dois anos.<\/p>\n\n\n\n<p>Mas, apesar disso, o n\u00famero de empregos caiu no setor de servi\u00e7os em dezembro, depois de aumentar em novembro pela primeira vez em nove meses. Os entrevistados citaram esfor\u00e7os para reduzir gastos e aumento nos casos de Covid-19.<\/p>\n\n\n\n<p>&#8220;Embora os dados deem alguma garantia bem-vinda de que a economia de servi\u00e7os continua a mostrar resili\u00eancia \u00e0 pandemia, a sustentabilidade da recupera\u00e7\u00e3o fica em d\u00favida quando se olha para os dados de emprego&#8230;&#8221;, ponderou De Lima.<\/p>\n\n\n\n<p>&#8220;O aumento das infec\u00e7\u00f5es antes que as vacinas se tornem amplamente dispon\u00edveis pode causar novas restri\u00e7\u00f5es e abreviar a recupera\u00e7\u00e3o&#8221;, alertou ela.<\/p>\n\n\n\n<p>Os pre\u00e7os de insumos aumentaram mais em novembro, com a taxa de infla\u00e7\u00e3o chegando perto de um pico em quatro anos e meio, diante do aumento de uma s\u00e9rie de itens, movimento em parte associado \u00e0 escassez de produtos e \u00e0 for\u00e7a do d\u00f3lar.<\/p>\n\n\n\n<p>Para proteger suas margens de lucro, algumas empresas repassaram pre\u00e7os mais elevados a seus clientes.<\/p>\n\n\n\n<p>Em dezembro, o PMI da ind\u00fastria mostrou um ritmo mais lento de crescimento do setor. Com isso, o PMI Composto do Brasil caiu a 53,5, de 53,8 em novembro. Foi o quinto m\u00eas seguido de ganhos para o setor privado do pa\u00eds, por\u00e9m no ritmo mais fraco da atual sequ\u00eancia de expans\u00e3o.<\/p>\n\n\n\n<p><br><br>Fonte: <a rel=\"noreferrer noopener\" href=\"https:\/\/economia.uol.com.br\/noticias\/reuters\/2021\/01\/06\/expansao-do-setor-de-servicos-do-brasil-acelera-em-dezembro-e-confianca-melhora-aponta-pmi.htm\" target=\"_blank\">www.uol.com.br<\/a><\/p>\n","protected":false},"excerpt":{"rendered":"<p>O setor de servi\u00e7os do Brasil encerrou 2020 com acelera\u00e7\u00e3o do crescimento em dezembro e melhora da confian\u00e7a, diante da perspectiva de vacinas contra a Covid-19, mostrou o \u00cdndice de Gerentes de Compras (PMI, na sigla em ingl\u00eas) nesta quarta-feira.<\/p>\n","protected":false},"author":3,"featured_media":3228,"comment_status":"closed","ping_status":"closed","sticky":false,"template":"","format":"standard","meta":[],"categories":[2],"tags":[],"_links":{"self":[{"href":"https:\/\/www.confere.org.br\/wordpress\/wp-json\/wp\/v2\/posts\/4058"}],"collection":[{"href":"https:\/\/www.confere.org.br\/wordpress\/wp-json\/wp\/v2\/posts"}],"about":[{"href":"https:\/\/www.confere.org.br\/wordpress\/wp-json\/wp\/v2\/types\/post"}],"author":[{"embeddable":true,"href":"https:\/\/www.confere.org.br\/wordpress\/wp-json\/wp\/v2\/users\/3"}],"replies":[{"embeddable":true,"href":"https:\/\/www.confere.org.br\/wordpress\/wp-json\/wp\/v2\/comments?post=4058"}],"version-history":[{"count":1,"href":"https:\/\/www.confere.org.br\/wordpress\/wp-json\/wp\/v2\/posts\/4058\/revisions"}],"predecessor-version":[{"id":4059,"href":"https:\/\/www.confere.org.br\/wordpress\/wp-json\/wp\/v2\/posts\/4058\/revisions\/4059"}],"wp:featuredmedia":[{"embeddable":true,"href":"https:\/\/www.confere.org.br\/wordpress\/wp-json\/wp\/v2\/media\/3228"}],"wp:attachment":[{"href":"https:\/\/www.confere.org.br\/wordpress\/wp-json\/wp\/v2\/media?parent=4058"}],"wp:term":[{"taxonomy":"category","embeddable":true,"href":"https:\/\/www.confere.org.br\/wordpress\/wp-json\/wp\/v2\/categories?post=4058"},{"taxonomy":"post_tag","embeddable":true,"href":"https:\/\/www.confere.org.br\/wordpress\/wp-json\/wp\/v2\/tags?post=4058"}],"curies":[{"name":"wp","href":"https:\/\/api.w.org\/{rel}","templated":true}]}}