{"id":4069,"date":"2021-01-12T10:46:03","date_gmt":"2021-01-12T12:46:03","guid":{"rendered":"https:\/\/www.confere.org.br\/wordpress\/?p=4069"},"modified":"2021-01-12T10:46:04","modified_gmt":"2021-01-12T12:46:04","slug":"ministerio-pede-avanco-de-reformas-para-manter-fabricas-no-pais","status":"publish","type":"post","link":"https:\/\/www.confere.org.br\/wordpress\/ministerio-pede-avanco-de-reformas-para-manter-fabricas-no-pais\/","title":{"rendered":"Minist\u00e9rio pede avan\u00e7o de reformas para manter f\u00e1bricas no pa\u00eds"},"content":{"rendered":"\n<p>A melhoria do ambiente de neg\u00f3cios e o avan\u00e7o das reformas estruturais s\u00e3o necess\u00e1rios para reduzir o custo de manter empresas no pa\u00eds, informou hoje (11) o Minist\u00e9rio da Economia. Em nota, a pasta lamentou a decis\u00e3o da montadora&nbsp;<a href=\"https:\/\/agenciabrasil.ebc.com.br\/economia\/noticia\/2021-01\/ford-encerra-sua-producao-no-brasil\" target=\"_blank\" rel=\"noreferrer noopener\">Ford de encerrar a produ\u00e7\u00e3o<\/a>&nbsp;no Brasil e destacou que a sa\u00edda do pa\u00eds contrasta com a recupera\u00e7\u00e3o na ind\u00fastria nos \u00faltimos meses.<img src=\"https:\/\/agenciabrasil.ebc.com.br\/ebc.png?id=1398409&amp;o=node\"><img src=\"https:\/\/agenciabrasil.ebc.com.br\/ebc.gif?id=1398409&amp;o=node\"><\/p>\n\n\n\n<p>\u201cO Minist\u00e9rio da Economia lamenta a decis\u00e3o global e estrat\u00e9gica da Ford de encerrar a produ\u00e7\u00e3o no Brasil. A decis\u00e3o da montadora destoa da forte recupera\u00e7\u00e3o observada na maioria dos setores da ind\u00fastria no pa\u00eds, muitos j\u00e1 registrando resultados superiores ao per\u00edodo pr\u00e9-crise\u201d, divulgou a pasta esta noite em comunicado.<\/p>\n\n\n\n<p>Segundo a equipe econ\u00f4mica, o governo tem promovido a\u00e7\u00f5es para reduzir o custo de manter neg\u00f3cios no pa\u00eds. No entanto, a pasta pediu a aprova\u00e7\u00e3o de reformas que modernizem a economia brasileira. \u201cO minist\u00e9rio trabalha intensamente na redu\u00e7\u00e3o do custo Brasil com iniciativas que j\u00e1 promoveram avan\u00e7os importantes. Isto refor\u00e7a a necessidade de r\u00e1pida implementa\u00e7\u00e3o das medidas de melhoria do ambiente de neg\u00f3cios e de avan\u00e7ar nas reformas estruturais\u201d, concluiu o texto.<\/p>\n\n\n\n<h4><br>Repercuss\u00f5es<\/h4>\n\n\n\n<p>Entidades do setor produtivo tamb\u00e9m destacaram a necessidade da aprova\u00e7\u00e3o de reformas. A Confedera\u00e7\u00e3o Nacional da Ind\u00fastria (CNI) afirmou, em nota, que a reforma tribut\u00e1ria deve ser a prioridade para reduzir o principal entrave \u00e0 competitividade do setor industrial brasileiro.<\/p>\n\n\n\n<p>\u201cO Brasil tem que lutar para melhorar sua competitividade, pois, al\u00e9m das f\u00e1bricas, h\u00e1 toda uma cadeia automotiva que inclui redes de concession\u00e1rias, fornecedores de partes e pe\u00e7as e diversos outros servi\u00e7os. Essa decis\u00e3o refor\u00e7a a urg\u00eancia de se avan\u00e7ar na agenda de competitividade e redu\u00e7\u00e3o do custo Brasil\u201d, destacou em comunicado o diretor de Desenvolvimento Industrial da CNI, Carlos Abijaodi.<\/p>\n\n\n\n<p>Para a Federa\u00e7\u00e3o das Ind\u00fastrias do Estado de S\u00e3o Paulo (Fiesp) o encerramento das atividades da Ford representa \u201cuma triste not\u00edcia para o pa\u00eds\u201d. A entidade tamb\u00e9m pediu a aprova\u00e7\u00e3o de uma agenda que reduza o custo Brasil e criticou a alta tributa\u00e7\u00e3o sobre os autom\u00f3veis praticada no pa\u00eds.<\/p>\n\n\n\n<p>\u201cA alta carga tribut\u00e1ria brasileira faz diferen\u00e7a na hora da tomada de decis\u00f5es. O custo de cada autom\u00f3vel produzido aqui, por exemplo, dobra apenas por conta dos impostos\u201d, informou a Fiesp. \u201cPrecisamos urgentemente fazer as reformas estruturais, baixar impostos e melhorar a competitividade da nossa economia para atrair investimentos e gerar os empregos de que o Brasil tanto precisa\u201d, concluiu a entidade em nota.<\/p>\n\n\n\n<p><br>Fonte: <a rel=\"noreferrer noopener\" href=\"https:\/\/agenciabrasil.ebc.com.br\/economia\/noticia\/2021-01\/ministerio-pede-avanco-de-reformas-para-manter-fabricas-no-pais\" target=\"_blank\">Ag\u00eancia Brasil<\/a><\/p>\n","protected":false},"excerpt":{"rendered":"<p>Segundo governo, decis\u00e3o da Ford destoa do resto da ind\u00fastria<\/p>\n","protected":false},"author":3,"featured_media":3150,"comment_status":"closed","ping_status":"closed","sticky":false,"template":"","format":"standard","meta":[],"categories":[2],"tags":[],"_links":{"self":[{"href":"https:\/\/www.confere.org.br\/wordpress\/wp-json\/wp\/v2\/posts\/4069"}],"collection":[{"href":"https:\/\/www.confere.org.br\/wordpress\/wp-json\/wp\/v2\/posts"}],"about":[{"href":"https:\/\/www.confere.org.br\/wordpress\/wp-json\/wp\/v2\/types\/post"}],"author":[{"embeddable":true,"href":"https:\/\/www.confere.org.br\/wordpress\/wp-json\/wp\/v2\/users\/3"}],"replies":[{"embeddable":true,"href":"https:\/\/www.confere.org.br\/wordpress\/wp-json\/wp\/v2\/comments?post=4069"}],"version-history":[{"count":1,"href":"https:\/\/www.confere.org.br\/wordpress\/wp-json\/wp\/v2\/posts\/4069\/revisions"}],"predecessor-version":[{"id":4070,"href":"https:\/\/www.confere.org.br\/wordpress\/wp-json\/wp\/v2\/posts\/4069\/revisions\/4070"}],"wp:featuredmedia":[{"embeddable":true,"href":"https:\/\/www.confere.org.br\/wordpress\/wp-json\/wp\/v2\/media\/3150"}],"wp:attachment":[{"href":"https:\/\/www.confere.org.br\/wordpress\/wp-json\/wp\/v2\/media?parent=4069"}],"wp:term":[{"taxonomy":"category","embeddable":true,"href":"https:\/\/www.confere.org.br\/wordpress\/wp-json\/wp\/v2\/categories?post=4069"},{"taxonomy":"post_tag","embeddable":true,"href":"https:\/\/www.confere.org.br\/wordpress\/wp-json\/wp\/v2\/tags?post=4069"}],"curies":[{"name":"wp","href":"https:\/\/api.w.org\/{rel}","templated":true}]}}