{"id":4076,"date":"2021-01-12T15:07:38","date_gmt":"2021-01-12T17:07:38","guid":{"rendered":"https:\/\/www.confere.org.br\/wordpress\/?p=4076"},"modified":"2021-01-12T15:07:42","modified_gmt":"2021-01-12T17:07:42","slug":"bndes-define-consorcio-que-apoiara-programa-de-aceleracao-de-startups","status":"publish","type":"post","link":"https:\/\/www.confere.org.br\/wordpress\/bndes-define-consorcio-que-apoiara-programa-de-aceleracao-de-startups\/","title":{"rendered":"BNDES define cons\u00f3rcio que apoiar\u00e1 programa de acelera\u00e7\u00e3o de startups"},"content":{"rendered":"\n<p>O Banco Nacional de Desenvolvimento Econ\u00f4mico e Social (BNDES) selecionou o cons\u00f3rcio AWL como a aceleradora que executar\u00e1, em conjunto com o banco, o Programa de Acelera\u00e7\u00e3o de Startups de Impacto &#8211; BNDES Garagem, que est\u00e1 em sua segunda edi\u00e7\u00e3o. A chamada nacional para os empreendedores interessados est\u00e1 prevista para o segundo trimestre de 2021 e deve selecionar 45 empreendimentos para o primeiro ciclo do programa, que oferece gratuitamente aconselhamento t\u00e9cnico, jur\u00eddico e mercadol\u00f3gico para as iniciativas.<img src=\"https:\/\/agenciabrasil.ebc.com.br\/ebc.png?id=1398441&amp;o=node\"><img src=\"https:\/\/agenciabrasil.ebc.com.br\/ebc.gif?id=1398441&amp;o=node\"><\/p>\n\n\n\n<p>O cons\u00f3rcio escolhido \u00e9 formado por Artem\u00edsia, Wayra Brasil e Liga Ventures, e foi declarado vencedor entre 10 propostas enviadas por 23 empresas. A sele\u00e7\u00e3o come\u00e7ou em 23 de outubro e teve duas fases de avalia\u00e7\u00e3o, definidas em edital lan\u00e7ado em setembro. A aceleradora participar\u00e1 das sele\u00e7\u00f5es de empreendedores de todo o Brasil interessados em participar e, al\u00e9m do aconselhamento, tamb\u00e9m buscar\u00e1 promover a aproxima\u00e7\u00e3o dos empreendedores com investidores e potenciais clientes.<\/p>\n\n\n\n<p>A segunda edi\u00e7\u00e3o do BNDES Garagem ter\u00e1 como foco a cria\u00e7\u00e3o e tra\u00e7\u00e3o de neg\u00f3cios inovadores que gerem impacto socioambiental e promovam desenvolvimento sustent\u00e1vel. O programa ter\u00e1 tr\u00eas ciclos de acelera\u00e7\u00e3o, e, no primeiro, ter\u00e3o prioridade empreendedores que est\u00e3o desenvolvendo solu\u00e7\u00f5es para sa\u00fade, educa\u00e7\u00e3o, sustentabilidade,&nbsp;<em>govtech<\/em>&nbsp;(solu\u00e7\u00f5es tecnol\u00f3gicas para governos) e cidades sustent\u00e1veis. Cada ciclo vai durar de tr\u00eas a quatro meses e deve contar com at\u00e9 45 participantes, chegando a um total de at\u00e9 135&nbsp;<em>startups<\/em>&nbsp;nos tr\u00eas ciclos.<\/p>\n\n\n\n<p>Para prevenir a transmiss\u00e3o da covid-19, o primeiro ciclo ser\u00e1 semipresencial. Para os pr\u00f3ximos, a previs\u00e3o \u00e9 adotar funcionamento integralmente presencial, no Rio de Janeiro, o que depender\u00e1 da evolu\u00e7\u00e3o da pandemia.<\/p>\n\n\n\n<p>Ao fim de cada ciclo, ser\u00e1 realizado um Demo Day no BNDES, com a apresenta\u00e7\u00e3o dos trabalhos desenvolvidos a potenciais investidores e outros p\u00fablicos de interesse. Como contrapartida pelo apoio no programa, os participantes dever\u00e3o desenvolver as solu\u00e7\u00f5es propostas e o BNDES n\u00e3o exigir\u00e1 participa\u00e7\u00e3o acion\u00e1ria nos neg\u00f3cios.<\/p>\n\n\n\n<p>A primeira edi\u00e7\u00e3o do BNDES Garagem contou com 79 participantes, selecionados entre mais de 5 mil inscritos. Segundo o BNDES, 74\u00a0<em>startups<\/em>\u00a0conclu\u00edram os ciclos do programa, e o grau de satisfa\u00e7\u00e3o por parte delas foi de 75%.<\/p>\n\n\n\n<p><br><br>Fonte: <a rel=\"noreferrer noopener\" href=\"https:\/\/agenciabrasil.ebc.com.br\/economia\/noticia\/2021-01\/bndes-define-consorcio-que-apoiara-programa-de-aceleracao-de-startups\" target=\"_blank\">Ag\u00eancia Brasil<\/a><\/p>\n","protected":false},"excerpt":{"rendered":"<p>Aceleradora participar\u00e1 das sele\u00e7\u00f5es de empreendedores de todo Brasil.<\/p>\n","protected":false},"author":3,"featured_media":2880,"comment_status":"closed","ping_status":"closed","sticky":false,"template":"","format":"standard","meta":[],"categories":[2],"tags":[],"_links":{"self":[{"href":"https:\/\/www.confere.org.br\/wordpress\/wp-json\/wp\/v2\/posts\/4076"}],"collection":[{"href":"https:\/\/www.confere.org.br\/wordpress\/wp-json\/wp\/v2\/posts"}],"about":[{"href":"https:\/\/www.confere.org.br\/wordpress\/wp-json\/wp\/v2\/types\/post"}],"author":[{"embeddable":true,"href":"https:\/\/www.confere.org.br\/wordpress\/wp-json\/wp\/v2\/users\/3"}],"replies":[{"embeddable":true,"href":"https:\/\/www.confere.org.br\/wordpress\/wp-json\/wp\/v2\/comments?post=4076"}],"version-history":[{"count":1,"href":"https:\/\/www.confere.org.br\/wordpress\/wp-json\/wp\/v2\/posts\/4076\/revisions"}],"predecessor-version":[{"id":4077,"href":"https:\/\/www.confere.org.br\/wordpress\/wp-json\/wp\/v2\/posts\/4076\/revisions\/4077"}],"wp:featuredmedia":[{"embeddable":true,"href":"https:\/\/www.confere.org.br\/wordpress\/wp-json\/wp\/v2\/media\/2880"}],"wp:attachment":[{"href":"https:\/\/www.confere.org.br\/wordpress\/wp-json\/wp\/v2\/media?parent=4076"}],"wp:term":[{"taxonomy":"category","embeddable":true,"href":"https:\/\/www.confere.org.br\/wordpress\/wp-json\/wp\/v2\/categories?post=4076"},{"taxonomy":"post_tag","embeddable":true,"href":"https:\/\/www.confere.org.br\/wordpress\/wp-json\/wp\/v2\/tags?post=4076"}],"curies":[{"name":"wp","href":"https:\/\/api.w.org\/{rel}","templated":true}]}}