{"id":4078,"date":"2021-01-13T12:16:42","date_gmt":"2021-01-13T14:16:42","guid":{"rendered":"https:\/\/www.confere.org.br\/wordpress\/?p=4078"},"modified":"2021-01-13T12:16:43","modified_gmt":"2021-01-13T14:16:43","slug":"ibge-safra-de-2021-deve-superar-recorde-de-2020","status":"publish","type":"post","link":"https:\/\/www.confere.org.br\/wordpress\/ibge-safra-de-2021-deve-superar-recorde-de-2020\/","title":{"rendered":"IBGE: safra de 2021 deve superar recorde de 2020"},"content":{"rendered":"\n<p>A safra nacional de gr\u00e3os deve atingir mais um recorde, o terceiro consecutivo, neste ano, com 260,5 milh\u00f5es de toneladas, um crescimento de 2,5% em rela\u00e7\u00e3o a 2020. As informa\u00e7\u00f5es est\u00e3o no Levantamento Sistem\u00e1tico da Produ\u00e7\u00e3o Agr\u00edcola (LSPA), divulgado hoje (13), pelo Instituto Brasileiro de Geografia e Estat\u00edstica (IBGE).<img src=\"https:\/\/agenciabrasil.ebc.com.br\/ebc.png?id=1398529&amp;o=node\"><img src=\"https:\/\/agenciabrasil.ebc.com.br\/ebc.gif?id=1398529&amp;o=node\"><\/p>\n\n\n\n<p>Segundo o IBGE, a estimativa final para a produ\u00e7\u00e3o de cereais, leguminosas e oleaginosas de 2020 totalizou 254,1 milh\u00f5es de toneladas.<\/p>\n\n\n\n<p>A soja continua em alta: as estimativas iniciais de 129,7 milh\u00f5es de toneladas indicam um aumento de produ\u00e7\u00e3o de 6,8% (8,2 milh\u00f5es de toneladas) em rela\u00e7\u00e3o ao que foi colhido no ano passado e de 1,5% em rela\u00e7\u00e3o ao&nbsp;<a href=\"https:\/\/agenciabrasil.ebc.com.br\/economia\/noticia\/2020-12\/ibge-preve-altas-de-safra-de-44-em-2020-e-de-19-em-2021\" target=\"_blank\" rel=\"noreferrer noopener\">segundo progn\u00f3stico<\/a>, divulgado em dezembro.<\/p>\n\n\n\n<p>J\u00e1 para o milho \u00e9 esperada uma queda de 1,5% (menos 1,5 milh\u00e3o de toneladas) em rela\u00e7\u00e3o a 2020, embora tenha havido um aumento de 1,6% frente \u00e0 estimativa anterior.<\/p>\n\n\n\n<p>\u201cEm fun\u00e7\u00e3o dos pre\u00e7os mais compensadores da soja, em rela\u00e7\u00e3o ao milho, os produtores s\u00e3o estimulados a ampliar suas \u00e1reas de cultivo da oleaginosa, que em 2021 deve representar mais de 57% da \u00e1rea total utilizada para o plantio de gr\u00e3os do pa\u00eds\u201d, disse, em nota, o analista de Agropecu\u00e1ria do IBGE, Carlos Barradas.<\/p>\n\n\n\n<p>De acordo com o levantamento, a produ\u00e7\u00e3o de algod\u00e3o herb\u00e1ceo, ap\u00f3s tr\u00eas anos de recordes, deve chegar a 6,1 milh\u00f5es de toneladas, com redu\u00e7\u00e3o de 0,6% em rela\u00e7\u00e3o ao segundo progn\u00f3stico e de 14% em rela\u00e7\u00e3o ao que foi colhido em 2020.<\/p>\n\n\n\n<p>\u201cA safra de algod\u00e3o herb\u00e1ceo vinha crescendo para atender \u00e0 demanda internacional. Mas o algod\u00e3o \u00e9 usado principalmente para a confec\u00e7\u00e3o de roupas e, com a pandemia da covid-19, essa demanda caiu, influenciando na decis\u00e3o de plantio da pr\u00f3xima safra\u201d, afirmou Barradas.<\/p>\n\n\n\n<p>Para o arroz, esta terceira estimativa de 11 milh\u00f5es de toneladas aponta aumento de 0,8% na produ\u00e7\u00e3o em rela\u00e7\u00e3o ao progn\u00f3stico anterior, mas ainda h\u00e1 decl\u00ednio, tamb\u00e9m de 0,8%, em rela\u00e7\u00e3o a 2020.<\/p>\n\n\n\n<p>\u201cNos \u00faltimos meses, os pre\u00e7os do arroz atingiram patamares elevados, levando o governo a zerar as tarifas de importa\u00e7\u00e3o para cont\u00ea-los. O Rio Grande do Sul \u00e9 respons\u00e1vel por quase 70% da produ\u00e7\u00e3o nacional, e suas lavouras s\u00e3o irrigadas e associadas \u00e0 alta tecnologia e manejo adequado, permitindo alcan\u00e7ar altas produtividades\u201d, disse o analista.<\/p>\n\n\n\n<h4><br>Safra de 2020<\/h4>\n\n\n\n<p>A safra de gr\u00e3os de 2020 somou 254,1 milh\u00f5es de toneladas e tamb\u00e9m foi recorde. De acordo com a \u00faltima estimativa do ano, ficou 5,2% (12,6 milh\u00f5es de toneladas) acima da colheita de 2019 (241,5 milh\u00f5es de toneladas).<\/p>\n\n\n\n<p>O arroz, o milho e a soja somaram 92,7% da estimativa da produ\u00e7\u00e3o e 87,1% da \u00e1rea colhida. Em rela\u00e7\u00e3o a 2019, foi verificada alta de produ\u00e7\u00e3o de 7,1% para a soja, de 7,7% para o arroz, de 2,7% para o milho (2,3% na primeira safra e 2,8% na segunda) e de 2,8% para o algod\u00e3o herb\u00e1ceo.<\/p>\n\n\n\n<p>Entre as regi\u00f5es, o volume da produ\u00e7\u00e3o de cereais, leguminosas e oleaginosas apresentou a seguinte distribui\u00e7\u00e3o: Centro-Oeste, com 121,7 milh\u00f5es de toneladas (47,9%); Sul, com 73 milh\u00f5es de toneladas (28,8%); Sudeste, com 25,7 milh\u00f5es de toneladas (10,1%); Nordeste, com 22,6 milh\u00f5es de toneladas (8,9%) e Norte, com 11 milh\u00f5es de toneladas (4,3%).<\/p>\n\n\n\n<p>Segundo o IBGE, estado do Mato Grosso lidera como maior produtor nacional de gr\u00e3os, com participa\u00e7\u00e3o de 28,7%, seguido pelo Paran\u00e1 (15,9%), Rio Grande do Sul (10,3%), Goi\u00e1s (10,3%), Mato Grosso do Sul (8,7%) e Minas Gerais (6,2%), que, somados, representaram 80,1% do total nacional.<\/p>\n\n\n\n<p><br><br>Fonte: <a rel=\"noreferrer noopener\" href=\"https:\/\/agenciabrasil.ebc.com.br\/economia\/noticia\/2021-01\/ibge-safra-de-2021-deve-superar-recorde-de-2020\" target=\"_blank\">Ag\u00eancia Brasil<\/a><\/p>\n","protected":false},"excerpt":{"rendered":"<p>Expectativa \u00e9 de que produ\u00e7\u00e3o atinja 260,5 milh\u00f5es de toneladas<\/p>\n","protected":false},"author":3,"featured_media":4079,"comment_status":"closed","ping_status":"closed","sticky":false,"template":"","format":"standard","meta":[],"categories":[2],"tags":[],"_links":{"self":[{"href":"https:\/\/www.confere.org.br\/wordpress\/wp-json\/wp\/v2\/posts\/4078"}],"collection":[{"href":"https:\/\/www.confere.org.br\/wordpress\/wp-json\/wp\/v2\/posts"}],"about":[{"href":"https:\/\/www.confere.org.br\/wordpress\/wp-json\/wp\/v2\/types\/post"}],"author":[{"embeddable":true,"href":"https:\/\/www.confere.org.br\/wordpress\/wp-json\/wp\/v2\/users\/3"}],"replies":[{"embeddable":true,"href":"https:\/\/www.confere.org.br\/wordpress\/wp-json\/wp\/v2\/comments?post=4078"}],"version-history":[{"count":1,"href":"https:\/\/www.confere.org.br\/wordpress\/wp-json\/wp\/v2\/posts\/4078\/revisions"}],"predecessor-version":[{"id":4080,"href":"https:\/\/www.confere.org.br\/wordpress\/wp-json\/wp\/v2\/posts\/4078\/revisions\/4080"}],"wp:featuredmedia":[{"embeddable":true,"href":"https:\/\/www.confere.org.br\/wordpress\/wp-json\/wp\/v2\/media\/4079"}],"wp:attachment":[{"href":"https:\/\/www.confere.org.br\/wordpress\/wp-json\/wp\/v2\/media?parent=4078"}],"wp:term":[{"taxonomy":"category","embeddable":true,"href":"https:\/\/www.confere.org.br\/wordpress\/wp-json\/wp\/v2\/categories?post=4078"},{"taxonomy":"post_tag","embeddable":true,"href":"https:\/\/www.confere.org.br\/wordpress\/wp-json\/wp\/v2\/tags?post=4078"}],"curies":[{"name":"wp","href":"https:\/\/api.w.org\/{rel}","templated":true}]}}