{"id":4081,"date":"2021-01-14T14:28:57","date_gmt":"2021-01-14T16:28:57","guid":{"rendered":"https:\/\/www.confere.org.br\/wordpress\/?p=4081"},"modified":"2021-01-14T14:28:58","modified_gmt":"2021-01-14T16:28:58","slug":"industria-cresce-em-10-das-15-regioes-pesquisados-pelo-ibge","status":"publish","type":"post","link":"https:\/\/www.confere.org.br\/wordpress\/industria-cresce-em-10-das-15-regioes-pesquisados-pelo-ibge\/","title":{"rendered":"Ind\u00fastria cresce em 10 das 15 regi\u00f5es pesquisados pelo IBGE"},"content":{"rendered":"\n<p>A produ\u00e7\u00e3o industrial mostrou crescimento disseminado entre os parques fabris do Pa\u00eds na passagem de outubro para novembro. Houve expans\u00e3o em dez dos 15 locais que integram a Pesquisa Industrial Mensal &#8211; Produ\u00e7\u00e3o F\u00edsica Regional, divulgada pelo Instituto Brasileiro de Geografia e Estat\u00edstica (IBGE) nesta quinta-feira, 14.<\/p>\n\n\n\n<h4><br>SAIBA MAIS<\/h4>\n\n\n\n<ul><li><a href=\"https:\/\/www.terra.com.br\/parceiros\/guia-do-carro\/conheca-o-suv-que-supera-toyota-honda-e-gm-na-china,03d1f0718fd297bbfd86b2e97dbcbaeddo68byr9.html\">Conhe\u00e7a o SUV que supera Toyota, Honda e GM na China<\/a><\/li><li><a href=\"https:\/\/www.terra.com.br\/economia\/antb-greve-dos-caminhoneiros-pode-ser-maior-do-que-em-2018,950dc1dd12458490b014d8706ff0bb8ds1yidttz.html\">ANTB: greve dos caminhoneiros pode ser maior do que em 2018<\/a><\/li><li><a href=\"https:\/\/www.terra.com.br\/parceiros\/guia-do-carro\/ford-encerra-producao-de-carros-no-brasil-apos-102-anos,d7bad37125861d03ec14f1310a1f6edd5bmf83u1.html\">Ford encerra produ\u00e7\u00e3o de carros no Brasil ap\u00f3s 102 anos<\/a><\/li><li><a href=\"https:\/\/www.terra.com.br\/economia\/dolar-desaba-33-e-tem-maior-queda-em-dois-anos-e-meio,f126fff9692302a8e35247f5803baa72lnve68nc.html\">D\u00f3lar desaba 3,3% e tem maior queda em dois anos e meio<\/a><\/li><\/ul>\n\n\n\n<p>Na m\u00e9dia global, a ind\u00fastria nacional avan\u00e7ou 1,2% em novembro ante outubro. Em S\u00e3o Paulo, que responde por cerca de um ter\u00e7o de toda a produ\u00e7\u00e3o industrial brasileira, houve crescimento de 1,5%.<\/p>\n\n\n\n<p>&#8220;Esse crescimento pode ser atribu\u00eddo ao setor de ve\u00edculos, principalmente, e tamb\u00e9m ao setor de m\u00e1quinas e equipamentos&#8221;, apontou Bernardo Almeida, gerente da pesquisa do IBGE.<\/p>\n\n\n\n<p>Em novembro, a produ\u00e7\u00e3o paulista j\u00e1 estava 6,0% acima do n\u00edvel de fevereiro, no pr\u00e9-pandemia, mas ainda operava 17,2% abaixo do pico alcan\u00e7ado em mar\u00e7o de 2011.<\/p>\n\n\n\n<p>Em rela\u00e7\u00e3o a novembro de 2019, a ind\u00fastria de S\u00e3o Paulo avan\u00e7ou 4,7%, a terceira alta consecutiva nesse tipo de compara\u00e7\u00e3o. Houve crescimento em 14 das 18 atividades industriais locais, mesmo sem qualquer influ\u00eancia do efeito calend\u00e1rio, uma vez que o m\u00eas de novembro de 2020 teve o mesmo n\u00famero de dias \u00fateis que novembro do ano anterior, ressaltou Almeida.<\/p>\n\n\n\n<p>&#8220;A base de compara\u00e7\u00e3o do ano anterior n\u00e3o era uma base de compara\u00e7\u00e3o alta. Lembrando que o ritmo de produ\u00e7\u00e3o antes da pandemia era de incertezas, como ainda \u00e9, com desemprego alto, n\u00famero de contrata\u00e7\u00f5es baixo, tomadas de decis\u00f5es cautelosas. Tudo isso gerou uma certa cautela na cadeia de produ\u00e7\u00e3o nesses setores e trouxe para esse ano de 2020 a mesma influ\u00eancia. A pandemia acentuou esse sentimento&#8221;, avaliou Bernardo Almeida.<\/p>\n\n\n\n<p>O pesquisador ressalta que tanto a ind\u00fastria paulista quanto a ind\u00fastria nacional permanecem consideravelmente aqu\u00e9m dos patamares mais elevados j\u00e1 registrados na s\u00e9rie hist\u00f3rica da pesquisa do IBGE.<\/p>\n\n\n\n<p>&#8220;N\u00e3o \u00e9 retomada. A ind\u00fastria ainda caminha num passo gradual, num passo cautelar, justamente pelas incertezas de toda essa conjuntura ainda a se desdobrar. Agora que a gente est\u00e1 saindo de um ano que realmente afetou essa produ\u00e7\u00e3o da ind\u00fastria, temos que esperar um pouco para saber se \u00e9 um crescimento continuado ou se continua o ritmo cautelar que a gente observa desde o ano anterior&#8221;, concluiu Almeida.<\/p>\n\n\n\n<p><br><br>Fonte: <a rel=\"noreferrer noopener\" href=\"https:\/\/www.terra.com.br\/economia\/industria-cresce-em-10-das-15-regioes-pesquisados-pelo-ibge,cec7ba1f387b8cef28690c2f7fb5f2579k7plpob.html\" target=\"_blank\">Portal Terra<\/a><\/p>\n","protected":false},"excerpt":{"rendered":"<p>Resultado de novembro mostrou avan\u00e7o disseminado na produ\u00e7\u00e3o industrial; na m\u00e9dia global, alta foi de 1,2%<\/p>\n","protected":false},"author":3,"featured_media":3967,"comment_status":"closed","ping_status":"closed","sticky":false,"template":"","format":"standard","meta":[],"categories":[2],"tags":[],"_links":{"self":[{"href":"https:\/\/www.confere.org.br\/wordpress\/wp-json\/wp\/v2\/posts\/4081"}],"collection":[{"href":"https:\/\/www.confere.org.br\/wordpress\/wp-json\/wp\/v2\/posts"}],"about":[{"href":"https:\/\/www.confere.org.br\/wordpress\/wp-json\/wp\/v2\/types\/post"}],"author":[{"embeddable":true,"href":"https:\/\/www.confere.org.br\/wordpress\/wp-json\/wp\/v2\/users\/3"}],"replies":[{"embeddable":true,"href":"https:\/\/www.confere.org.br\/wordpress\/wp-json\/wp\/v2\/comments?post=4081"}],"version-history":[{"count":1,"href":"https:\/\/www.confere.org.br\/wordpress\/wp-json\/wp\/v2\/posts\/4081\/revisions"}],"predecessor-version":[{"id":4082,"href":"https:\/\/www.confere.org.br\/wordpress\/wp-json\/wp\/v2\/posts\/4081\/revisions\/4082"}],"wp:featuredmedia":[{"embeddable":true,"href":"https:\/\/www.confere.org.br\/wordpress\/wp-json\/wp\/v2\/media\/3967"}],"wp:attachment":[{"href":"https:\/\/www.confere.org.br\/wordpress\/wp-json\/wp\/v2\/media?parent=4081"}],"wp:term":[{"taxonomy":"category","embeddable":true,"href":"https:\/\/www.confere.org.br\/wordpress\/wp-json\/wp\/v2\/categories?post=4081"},{"taxonomy":"post_tag","embeddable":true,"href":"https:\/\/www.confere.org.br\/wordpress\/wp-json\/wp\/v2\/tags?post=4081"}],"curies":[{"name":"wp","href":"https:\/\/api.w.org\/{rel}","templated":true}]}}