{"id":4083,"date":"2021-01-15T09:00:52","date_gmt":"2021-01-15T11:00:52","guid":{"rendered":"https:\/\/www.confere.org.br\/wordpress\/?p=4083"},"modified":"2021-01-15T09:00:53","modified_gmt":"2021-01-15T11:00:53","slug":"intencao-de-consumo-das-familias-sobe-07-em-janeiro","status":"publish","type":"post","link":"https:\/\/www.confere.org.br\/wordpress\/intencao-de-consumo-das-familias-sobe-07-em-janeiro\/","title":{"rendered":"Inten\u00e7\u00e3o de Consumo das Fam\u00edlias sobe 0,7% em janeiro"},"content":{"rendered":"\n<p>A inten\u00e7\u00e3o de consumo das fam\u00edlias (ICF) subiu 0,7% em janeiro, na compara\u00e7\u00e3o com dezembro, e atingiu 73,6 pontos. Segundo a Confedera\u00e7\u00e3o Nacional do Com\u00e9rcio de Bens, Servi\u00e7os e Turismo (CNC), foi a quinta alta consecutiva do \u00edndice, embora tenha sido o mais fraco desempenho para meses de janeiro desde o in\u00edcio da s\u00e9rie hist\u00f3rica, em 2010.<img src=\"https:\/\/agenciabrasil.ebc.com.br\/ebc.png?id=1398636&amp;o=node\"><img src=\"https:\/\/agenciabrasil.ebc.com.br\/ebc.gif?id=1398636&amp;o=node\"><\/p>\n\n\n\n<p>No comparativo anual, houve recuo de 24,2%, \u00c9 a d\u00e9cima retra\u00e7\u00e3o consecutiva nessa base de compara\u00e7\u00e3o. De acordo com a CNC, desde abril de 2015, a ICF est\u00e1 abaixo do n\u00edvel de satisfa\u00e7\u00e3o, que \u00e9 de 100 pontos.<\/p>\n\n\n\n<p>Conforme a pesquisa, os indicadores atuais registram em janeiro os melhores n\u00edveis dos \u00faltimos meses. O item que mede a satisfa\u00e7\u00e3o dos brasileiros com o emprego atingiu o maior n\u00edvel desde maio de 2020, com crescimento de 0,2%, alcan\u00e7ando 88,9 pontos. Apesar da retra\u00e7\u00e3o ap\u00f3s o ajuste sazonal (-0,6%), a pontua\u00e7\u00e3o do \u00edtem relacionado \u00e0 renda passou de 78,8 para 79,5 pontos. Segundo a CNC, \u00e9 o patamar mais alto desde junho do ano passado.<\/p>\n\n\n\n<p>Outro destaque \u00e9 o sub\u00edndice que avalia a perspectiva profissional dos brasileiros, impulsionado pelo aumento do indicador referente ao emprego atual. Segundo a pesquisa, foi o sexto avan\u00e7o consecutivo (0,7%) no item, que atingiu o n\u00edvel mais alto desde abril de 2020 (88,6 pontos).<\/p>\n\n\n\n<p>Para a economista Catarina Carneiro da Silva, respons\u00e1vel pelo estudo, h\u00e1 uma recupera\u00e7\u00e3o gradual da percep\u00e7\u00e3o do mercado de trabalho no curto prazo, que j\u00e1 reflete positivamente, e de forma mais intensa, nas perspectivas para os pr\u00f3ximos seis meses em rela\u00e7\u00e3o ao futuro profissional.<\/p>\n\n\n\n<p>Catarina destacou que a perspectiva de consumo tamb\u00e9m cresceu (0,2%) e foi a terceira alta seguida do item, que chegou a 67,9 pontos e alcan\u00e7ou o maior n\u00edvel desde maio de 2020.<\/p>\n\n\n\n<p><br><strong>Dur\u00e1veis<\/strong><\/p>\n\n\n\n<p>A ICF mostra o Momento para Dur\u00e1veis como destaque entre os itens que comp\u00f5em as condi\u00e7\u00f5es de consumo. Ap\u00f3s duas retra\u00e7\u00f5es consecutivas, o item teve a maior alta mensal da pesquisa (4,4%) e atingiu o melhor resultado desde maio de 2020., mas continua como o de menor pontua\u00e7\u00e3o na ICF (46,6 pontos).<\/p>\n\n\n\n<p>O indicador Acesso ao Cr\u00e9dito teve o segundo avan\u00e7o seguido (0,4%) e fechou o m\u00eas com 86,6 pontos. \u00c9 o melhor resultado desde junho. Pela quinta vez consecutiva, o N\u00edvel de Consumo subiu, registrando agora a alta de 1,3% e atingindo a melhor pontua\u00e7\u00e3o desde maio do ano passado (56,9 pontos).<\/p>\n\n\n\n<p>Para o presidente da CNC, Jos\u00e9 Roberto Tadros, as altas mensais sucessivas do \u00edndice refletem a confian\u00e7a dos brasileiros na recupera\u00e7\u00e3o econ\u00f4mica, especialmente com a proximidade do in\u00edcio da vacina\u00e7\u00e3o contra a covid-19 no pa\u00eds. Tadros afirmou que o Sistema CNC est\u00e1 \u00e0 disposi\u00e7\u00e3o para contribuir com a campanha. \u201c\u00c9 importante a valida\u00e7\u00e3o e a agiliza\u00e7\u00e3o da compra e distribui\u00e7\u00e3o da vacina, ou das vacinas, para efetivar esse processo de retomada\u201d, disse Tadros.<\/p>\n\n\n\n<p>A pesquisa Inten\u00e7\u00e3o de Consumo das Fam\u00edlias \u00e9 um indicador antecedente criado para antecipar o potencial das vendas do com\u00e9rcio.<\/p>\n\n\n\n<p><br><br>Fonte: <a rel=\"noreferrer noopener\" href=\"https:\/\/agenciabrasil.ebc.com.br\/economia\/noticia\/2021-01\/intencao-de-consumo-das-familias-sobe-07-em-janeiro\" target=\"_blank\">Ag\u00eancia Brasil<\/a><\/p>\n","protected":false},"excerpt":{"rendered":"<p>\u00c9 a quinta alta consecutiva do \u00edndice, diz a CNC<\/p>\n","protected":false},"author":3,"featured_media":3301,"comment_status":"closed","ping_status":"closed","sticky":false,"template":"","format":"standard","meta":[],"categories":[2],"tags":[],"_links":{"self":[{"href":"https:\/\/www.confere.org.br\/wordpress\/wp-json\/wp\/v2\/posts\/4083"}],"collection":[{"href":"https:\/\/www.confere.org.br\/wordpress\/wp-json\/wp\/v2\/posts"}],"about":[{"href":"https:\/\/www.confere.org.br\/wordpress\/wp-json\/wp\/v2\/types\/post"}],"author":[{"embeddable":true,"href":"https:\/\/www.confere.org.br\/wordpress\/wp-json\/wp\/v2\/users\/3"}],"replies":[{"embeddable":true,"href":"https:\/\/www.confere.org.br\/wordpress\/wp-json\/wp\/v2\/comments?post=4083"}],"version-history":[{"count":1,"href":"https:\/\/www.confere.org.br\/wordpress\/wp-json\/wp\/v2\/posts\/4083\/revisions"}],"predecessor-version":[{"id":4084,"href":"https:\/\/www.confere.org.br\/wordpress\/wp-json\/wp\/v2\/posts\/4083\/revisions\/4084"}],"wp:featuredmedia":[{"embeddable":true,"href":"https:\/\/www.confere.org.br\/wordpress\/wp-json\/wp\/v2\/media\/3301"}],"wp:attachment":[{"href":"https:\/\/www.confere.org.br\/wordpress\/wp-json\/wp\/v2\/media?parent=4083"}],"wp:term":[{"taxonomy":"category","embeddable":true,"href":"https:\/\/www.confere.org.br\/wordpress\/wp-json\/wp\/v2\/categories?post=4083"},{"taxonomy":"post_tag","embeddable":true,"href":"https:\/\/www.confere.org.br\/wordpress\/wp-json\/wp\/v2\/tags?post=4083"}],"curies":[{"name":"wp","href":"https:\/\/api.w.org\/{rel}","templated":true}]}}