{"id":4086,"date":"2021-01-19T12:55:21","date_gmt":"2021-01-19T14:55:21","guid":{"rendered":"https:\/\/www.confere.org.br\/wordpress\/?p=4086"},"modified":"2021-01-19T12:55:22","modified_gmt":"2021-01-19T14:55:22","slug":"capitais-projetam-retomada-com-credito-popular-capacitacao-profissional-e-desburocratizacao","status":"publish","type":"post","link":"https:\/\/www.confere.org.br\/wordpress\/capitais-projetam-retomada-com-credito-popular-capacitacao-profissional-e-desburocratizacao\/","title":{"rendered":"Capitais projetam retomada com cr\u00e9dito popular, capacita\u00e7\u00e3o profissional e desburocratiza\u00e7\u00e3o"},"content":{"rendered":"\n<p>Ap\u00f3s um 2020 de retra\u00e7\u00e3o devido \u00e0 pandemia do novo coronav\u00edrus, prefeitos de v\u00e1rias capitais brasileiras iniciaram a gest\u00e3o com foco em planos de retomada econ\u00f4mica.<\/p>\n\n\n\n<p>As a\u00e7\u00f5es anunciadas nos primeiros dias do ano englobam, de maneira geral, investimentos p\u00fablicos em obras, qualifica\u00e7\u00e3o profissional, diminui\u00e7\u00e3o de impostos, desburocratiza\u00e7\u00e3o para agilizar  abertura de empresas e ofertas de cr\u00e9ditos populares.<\/p>\n\n\n\n<p>Em um segundo momento, ap\u00f3s um poss\u00edvel arrefecimento da Covid-19, os gestores apostam em estrat\u00e9gias para reaquecimento do setor de turismo.<\/p>\n\n\n\n<p>Em Florian\u00f3polis, o prefeito reeleito Gean Loureiro (DEM) fez uma live no primeiro dia \u00fatil da nova gest\u00e3o para anunciar v\u00e1rias a\u00e7\u00f5es na tentativa de turbinar a economia da cidade, mesmo em meio \u00e0 indefini\u00e7\u00e3o sobre o calend\u00e1rio nacional de vacina\u00e7\u00e3o.<\/p>\n\n\n\n<p>Entre v\u00e1rios pontos, destacou um plano de capacita\u00e7\u00e3o e qualifica\u00e7\u00e3o profissional. De acordo com o pol\u00edtico, 20 mil empregos v\u00e3o ser gerados em dois anos.<\/p>\n\n\n\n<p>&#8220;N\u00e3o podemos esquecer que o plano de retomada come\u00e7a em um momento que ainda estamos lidando com a pandemia. Ent\u00e3o, \u00e9 essencial que as a\u00e7\u00f5es sejam planejadas e realizadas de forma segura para a popula\u00e7\u00e3o&#8221;, afirmou Loureiro.<\/p>\n\n\n\n<p>O Floripa Mais Emprego engloba investimentos de R$ 25 milh\u00f5es. A prefeitura promete entrar com R$ 7 milh\u00f5es. O Sebrae-SC (Servi\u00e7o Brasileiro de Apoio \u00e0s Micro e Pequenas Empresas de Santa Catarina) aportar\u00e1 R$ 5 milh\u00f5es, e h\u00e1 um complemento de R$ 13 milh\u00f5es provenientes do FAT (Fundo de Amparo ao Trabalho).<\/p>\n\n\n\n<figure class=\"wp-block-image size-large\"><img width=\"671\" height=\"717\" src=\"https:\/\/www.confere.org.br\/wordpress\/wp-content\/uploads\/2021\/01\/image.png\" alt=\"\" class=\"wp-image-4087\" srcset=\"https:\/\/www.confere.org.br\/wordpress\/wp-content\/uploads\/2021\/01\/image.png 671w, https:\/\/www.confere.org.br\/wordpress\/wp-content\/uploads\/2021\/01\/image-281x300.png 281w\" sizes=\"(max-width: 671px) 100vw, 671px\" \/><\/figure>\n\n\n\n<p>&#8220;Esses recursos s\u00e3o poss\u00edveis porque a gera\u00e7\u00e3o de emprego se dar\u00e1 pelo desenvolvimento econ\u00f4mico, que \u00e9 puxado pela iniciativa privada&#8221;, declarou o vice-prefeito Top\u00e1zio Silveira, respons\u00e1vel pela coordena\u00e7\u00e3o do programa.<\/p>\n\n\n\n<p>A prefeitura promete abrir, at\u00e9 o fim deste m\u00eas, a Casa do Empreendedor, com servi\u00e7os voltados para pessoas jur\u00eddicas. Tamb\u00e9m foi anunciado, dentro do plano de retomada, a amplia\u00e7\u00e3o do Floripa Simples, que permite abertura de empresas em apenas quatro horas em um processo totalmente digital.<\/p>\n\n\n\n<p>Nos pr\u00f3ximos dois anos, a meta, segundo dados apresentados pelo executivo da capital catarinense, \u00e9 um investimento de R$ 300 milh\u00f5es. Deste total, R$ 80 milh\u00f5es v\u00e3o ser aplicados em obras de constru\u00e7\u00e3o civil e outros R$ 220 milh\u00f5es investidos na \u00e1rea de sa\u00fade, saneamento e educa\u00e7\u00e3o.<\/p>\n\n\n\n<p>O fim do aux\u00edlio emergencial pago pelo governo federal tem preocupado os prefeitos. &#8220;A gente sabe que n\u00e3o adianta cuidarmos da sa\u00fade sem que tenhamos uma maneira de estimular o emprego&#8221;, disse Loureiro.<\/p>\n\n\n\n<p>No Recife, o prefeito Jo\u00e3o Campos (PSB) promete implementar, nos tr\u00eas primeiros meses da gest\u00e3o, um programa de cr\u00e9dito popular com juros abaixo de 1%.<\/p>\n\n\n\n<p>O empreendedor que pagar as primeiras 11 parcelas em dia \u00e9 liberado do pagamento da 12\u00aa.<\/p>\n\n\n\n<p>O objetivo do plano \u00e9 impulsionar a economia local com o incentivo a pessoas que querem investir ou que j\u00e1 possuem neg\u00f3cio pr\u00f3prio.<\/p>\n\n\n\n<p>O limite m\u00e1ximo de empr\u00e9stimo \u00e9 de R$ 3.000,00<\/p>\n\n\n\n<p>&#8220;A gente via poder dar acesso tamb\u00e9m a quem est\u00e1 negativado para receber, com aquele per\u00edodo de car\u00eancia. N\u00f3s vamos fazer, no m\u00ednimo, dez mil opera\u00e7\u00f5es de cr\u00e9dito dessa por ano.&#8221; disse Campos em entrevista \u00e0 imprensa local.<\/p>\n\n\n\n<p>No primeiro ano, o aporte ser\u00e1 de R$ 13 milh\u00f5es. A a\u00e7\u00e3o foi uma das principais promessas de campanha.<\/p>\n\n\n\n<p>O novo prefeito tamb\u00e9m planeja, nos primeiros cem dias da gest\u00e3o, implementar o Invest in Recife, a primeira ag\u00eancia de fomento do munic\u00edpio para fazer capta\u00e7\u00e3o de recursos e interliga\u00e7\u00e3o com mecanismos de qualifica\u00e7\u00e3o profissional para atender novos investimentos.<\/p>\n\n\n\n<p>H\u00e1 tamb\u00e9m a inten\u00e7\u00e3o de fechar parcerias com empresas do Porto Digital, um dos mais relevantes parques tecnol\u00f3gicos do Brasil.<\/p>\n\n\n\n<p>Em Curitiba, o prefeito Rafael Greca (DEM) j\u00e1 vinha propagando um plano de retomada econ\u00f4mica durante a campanha eleitoral.<\/p>\n\n\n\n<p>H\u00e1 previs\u00e3o de aporte de, aproximadamente, R$ 1 bilh\u00e3o em investimentos em obras, como a implanta\u00e7\u00e3o de uma nova linha de \u00f4nibus e a reurbaniza\u00e7\u00e3o do bairro Caximba, um dos mais pobres da cidade, gerando 85 mil empregos.<\/p>\n\n\n\n<p>O plano cont\u00e9m a\u00e7\u00f5es em outras diversas \u00e1reas e foca principalmente no aux\u00edlio \u00e0s atividades produtivas de pequeno porte. H\u00e1 um fundo que concede garantias aos empr\u00e9stimos contra\u00eddos por empres\u00e1rios, no valor de R$ 10 milh\u00f5es, com potencial de R$ 100 milh\u00f5es.<\/p>\n\n\n\n<p>Houve a amplia\u00e7\u00e3o das atividades simplificadas e a cria\u00e7\u00e3o de um programa de apoio financeiro a artistas, com beneficiamento de 600 projetos.<\/p>\n\n\n\n<p>Segundo a prefeitura, logo ap\u00f3s o in\u00edcio da pandemia, Curitiba foi a primeira cidade a criar um fundo anticrise, que garante reserva financeira para situa\u00e7\u00e3o de crise econ\u00f4mica, desequil\u00edbrio fiscal ou calamidade p\u00fablica.<\/p>\n\n\n\n<p>&#8220;Fechamos todos os anos em azul. Sa\u00edmos do vermelho, entregamos a prefeitura melhor, mais bonita e mais justa&#8221;, disse Greca durante cerim\u00f4nia de posse, no dia 1\u00ba janeiro.<\/p>\n\n\n\n<h4><br>PARCERIAS P\u00daBLICO-PRIVADAS<\/h4>\n\n\n\n<p>Em Salvador, o prefeito Bruno Reis (DEM) definiu como prioridades para reativar a economia a busca de parcerias p\u00fablico-privadas, a atra\u00e7\u00e3o de empresas do segmento de tecnologia e o lan\u00e7amento de um novo pacote de obras da prefeitura. A meta \u00e9 criar 50 mil novos empregos at\u00e9 o final do ano.<\/p>\n\n\n\n<p>O primeiro passo para atingir tal meta foi uma minirreforma na estrutura da prefeitura, que criou uma secretaria espec\u00edfica para tratar de emprego e renda e outra focada em tecnologia e inova\u00e7\u00e3o.<\/p>\n\n\n\n<p>&#8220;Queremos captar novos investimentos e perseguir a cria\u00e7\u00e3o de novos postos de trabalho. Um dos nossos principais focos ser\u00e1 atrair empresas de tecnologia, estimulando um novo vetor de crescimento econ\u00f4mico&#8221; afirma Reis.<\/p>\n\n\n\n<p>Salvador tem a gera\u00e7\u00e3o de empregos como um de seus problemas mais graves. A cidade possui uma taxa de desemprego de 17,5%, segunda maior dentre as capitais brasileiras. S\u00e3o 289 mil pessoas que est\u00e3o sem trabalho, mas em busca de ocupa\u00e7\u00e3o, segundo o IBGE.<\/p>\n\n\n\n<p>Sem grandes ind\u00fastrias, a capital baiana tem segmentos como servi\u00e7os e turismo como principais bases da economia. Os dois setores foram fortemente atingidos pela pandemia do novo coronav\u00edrus.<\/p>\n\n\n\n<p>Ainda no ano passado, a prefeitura lan\u00e7ou pacote voltado para investimento no turismo, com a capacita\u00e7\u00e3o de 7 mil trabalhadores. Reis promete mais est\u00edmulos para retomada do setor ap\u00f3s o arrefecimento da pandemia.<\/p>\n\n\n\n<p>Em Porto Alegre, o projeto de retomada do prefeito Sebasti\u00e3o Melo (MDB) \u00e9 pautado pela bandeira da liberdade econ\u00f4mica.<\/p>\n\n\n\n<p>Uma de suas promessas de campanha era a reabertura de todos segmentos econ\u00f4micos limitados para evitar a prolifera\u00e7\u00e3o da Covid-19.<\/p>\n\n\n\n<p>Na primeira semana de trabalho como prefeito empossado, Melo derrubou restri\u00e7\u00f5es e permitiu ocupa\u00e7\u00e3o m\u00e1xima em shoppings e outros estabelecimentos.<\/p>\n\n\n\n<p>Outra promessa de campanha de Melo era revogar os aumentos do IPTU (Imposto Predial e Territorial Urbano) da gest\u00e3o de seu antecessor, Nelson Marchezan Jr (PSBD). A mudan\u00e7a deve passar pela C\u00e2mara para ser efetivada.<\/p>\n\n\n\n<p>A expectativa \u00e9 que o projeto seja aprovado. Para ele, mesmo que a diminui\u00e7\u00e3o do IPTU derrube a arrecada\u00e7\u00e3o do munic\u00edpio, as perdas podem ser compensadas pelos novos neg\u00f3cios facilitados com menos burocracia e impostos.<\/p>\n\n\n\n<p><br><br>Fonte: <a rel=\"noreferrer noopener\" href=\"https:\/\/www1.folha.uol.com.br\/mercado\/2021\/01\/capitais-projetam-retomada-com-credito-popular-capacitacao-profissional-e-desburocratizacao.shtml\" target=\"_blank\">Folha S. Paulo<\/a><\/p>\n","protected":false},"excerpt":{"rendered":"<p>Prefeitos tamb\u00e9m apostam em pacotes de obras para gera\u00e7\u00e3o de empregos nos primeiros dias de gest\u00e3o<\/p>\n","protected":false},"author":3,"featured_media":3529,"comment_status":"closed","ping_status":"closed","sticky":false,"template":"","format":"standard","meta":[],"categories":[2],"tags":[],"_links":{"self":[{"href":"https:\/\/www.confere.org.br\/wordpress\/wp-json\/wp\/v2\/posts\/4086"}],"collection":[{"href":"https:\/\/www.confere.org.br\/wordpress\/wp-json\/wp\/v2\/posts"}],"about":[{"href":"https:\/\/www.confere.org.br\/wordpress\/wp-json\/wp\/v2\/types\/post"}],"author":[{"embeddable":true,"href":"https:\/\/www.confere.org.br\/wordpress\/wp-json\/wp\/v2\/users\/3"}],"replies":[{"embeddable":true,"href":"https:\/\/www.confere.org.br\/wordpress\/wp-json\/wp\/v2\/comments?post=4086"}],"version-history":[{"count":1,"href":"https:\/\/www.confere.org.br\/wordpress\/wp-json\/wp\/v2\/posts\/4086\/revisions"}],"predecessor-version":[{"id":4088,"href":"https:\/\/www.confere.org.br\/wordpress\/wp-json\/wp\/v2\/posts\/4086\/revisions\/4088"}],"wp:featuredmedia":[{"embeddable":true,"href":"https:\/\/www.confere.org.br\/wordpress\/wp-json\/wp\/v2\/media\/3529"}],"wp:attachment":[{"href":"https:\/\/www.confere.org.br\/wordpress\/wp-json\/wp\/v2\/media?parent=4086"}],"wp:term":[{"taxonomy":"category","embeddable":true,"href":"https:\/\/www.confere.org.br\/wordpress\/wp-json\/wp\/v2\/categories?post=4086"},{"taxonomy":"post_tag","embeddable":true,"href":"https:\/\/www.confere.org.br\/wordpress\/wp-json\/wp\/v2\/tags?post=4086"}],"curies":[{"name":"wp","href":"https:\/\/api.w.org\/{rel}","templated":true}]}}