{"id":4104,"date":"2021-01-26T10:42:13","date_gmt":"2021-01-26T12:42:13","guid":{"rendered":"https:\/\/www.confere.org.br\/wordpress\/?p=4104"},"modified":"2021-01-26T10:42:13","modified_gmt":"2021-01-26T12:42:13","slug":"micro-e-pequenas-empresas-tem-ate-sexta-feira-para-aderir-ao-simples","status":"publish","type":"post","link":"https:\/\/www.confere.org.br\/wordpress\/micro-e-pequenas-empresas-tem-ate-sexta-feira-para-aderir-ao-simples\/","title":{"rendered":"Micro e pequenas empresas t\u00eam at\u00e9 sexta-feira para aderir ao Simples"},"content":{"rendered":"\n<p>Termina na pr\u00f3xima&nbsp;sexta-feira (29)&nbsp;o prazo para a regulariza\u00e7\u00e3o e inscri\u00e7\u00e3o no Simples Nacional das micro e pequenas empresas que faturam at\u00e9 R$ 4,8 milh\u00f5es por ano. A solicita\u00e7\u00e3o \u00e9 feita exclusivamente pela internet, por meio do portal do&nbsp;<a href=\"http:\/\/www8.receita.fazenda.gov.br\/SimplesNacional\/Servicos\/Grupo.aspx?grp=t&amp;area=2\" target=\"_blank\" rel=\"noreferrer noopener\">Simples Nacional<\/a>. Com o pedido aceito, a ades\u00e3o retroagir\u00e1 ao dia 1\u00ba de janeiro.<img src=\"https:\/\/agenciabrasil.ebc.com.br\/ebc.png?id=1399689&amp;o=node\"><img src=\"https:\/\/agenciabrasil.ebc.com.br\/ebc.gif?id=1399689&amp;o=node\"><\/p>\n\n\n\n<p>O Simples Nacional \u00e9 regime tribut\u00e1rio diferenciado, que re\u00fane em um \u00fanico documento de arrecada\u00e7\u00e3o os principais tributos federais, estaduais, municipais e previdenci\u00e1rios devidos pelas micro e pequenas empresas. O recolhimento, feito por esse documento \u00fanico, deve ser pago at\u00e9 o dia 20 do m\u00eas seguinte \u00e0quele em que houver sido auferida a receita bruta.<\/p>\n\n\n\n<p>Tamb\u00e9m poder\u00e3o aderir ao Simples as empresas que estavam no Lucro Presumido ou Lucro Real e tiveram queda significativa no faturamento em 2020, por causa da pandemia. Essas empresas dever\u00e3o cumprir o mesmo prazo. Em outra novidade, que vale excepcionalmente agora, o governo federal n\u00e3o excluiu empresas com d\u00e9bitos tribut\u00e1rios em 2020 e as empresas optantes que estavam inadimplentes permaneceram no Simples em 2021.<\/p>\n\n\n\n<p>No caso de empresas que ainda n\u00e3o eram optantes pelo Simples, no momento da op\u00e7\u00e3o o sistema responde automaticamente se h\u00e1 pend\u00eancias com os fiscos federal, estadual ou municipal. Para a regulariza\u00e7\u00e3o de pend\u00eancias com a Receita Federal ou com a Procuradoria-Geral da Fazenda Nacional n\u00e3o \u00e9 necess\u00e1rio que o contribuinte se dirija a uma unidade da Receita Federal, basta seguir as orienta\u00e7\u00f5es para regulariza\u00e7\u00e3o de pend\u00eancias no\u00a0<em>site<\/em>\u00a0da\u00a0<a rel=\"noreferrer noopener\" href=\"https:\/\/www.gov.br\/receitafederal\/pt-br\/assuntos\/orientacao-tributaria\/cobrancas-e-intimacoes\/orientacoes-para-regularizacao-de-pendencias-simples-nacional\" target=\"_blank\">Receita Federal<\/a>. Para a regulariza\u00e7\u00e3o de pend\u00eancias com os estados, o Distrito Federal e munic\u00edpios, o contribuinte deve procurar a Administra\u00e7\u00e3o Tribut\u00e1ria respons\u00e1vel.<\/p>\n\n\n\n<p><br><br>Fonte: <a rel=\"noreferrer noopener\" href=\"https:\/\/agenciabrasil.ebc.com.br\/economia\/noticia\/2021-01\/micro-e-pequenas-empresas-tem-ate-sexta-feira-para-aderir-ao-simples\" target=\"_blank\">Ag\u00eancia Brasil<\/a><\/p>\n","protected":false},"excerpt":{"rendered":"<p>Pedido \u00e9 feito exclusivamente pela internet<\/p>\n","protected":false},"author":3,"featured_media":3233,"comment_status":"closed","ping_status":"closed","sticky":false,"template":"","format":"standard","meta":[],"categories":[2],"tags":[],"_links":{"self":[{"href":"https:\/\/www.confere.org.br\/wordpress\/wp-json\/wp\/v2\/posts\/4104"}],"collection":[{"href":"https:\/\/www.confere.org.br\/wordpress\/wp-json\/wp\/v2\/posts"}],"about":[{"href":"https:\/\/www.confere.org.br\/wordpress\/wp-json\/wp\/v2\/types\/post"}],"author":[{"embeddable":true,"href":"https:\/\/www.confere.org.br\/wordpress\/wp-json\/wp\/v2\/users\/3"}],"replies":[{"embeddable":true,"href":"https:\/\/www.confere.org.br\/wordpress\/wp-json\/wp\/v2\/comments?post=4104"}],"version-history":[{"count":1,"href":"https:\/\/www.confere.org.br\/wordpress\/wp-json\/wp\/v2\/posts\/4104\/revisions"}],"predecessor-version":[{"id":4105,"href":"https:\/\/www.confere.org.br\/wordpress\/wp-json\/wp\/v2\/posts\/4104\/revisions\/4105"}],"wp:featuredmedia":[{"embeddable":true,"href":"https:\/\/www.confere.org.br\/wordpress\/wp-json\/wp\/v2\/media\/3233"}],"wp:attachment":[{"href":"https:\/\/www.confere.org.br\/wordpress\/wp-json\/wp\/v2\/media?parent=4104"}],"wp:term":[{"taxonomy":"category","embeddable":true,"href":"https:\/\/www.confere.org.br\/wordpress\/wp-json\/wp\/v2\/categories?post=4104"},{"taxonomy":"post_tag","embeddable":true,"href":"https:\/\/www.confere.org.br\/wordpress\/wp-json\/wp\/v2\/tags?post=4104"}],"curies":[{"name":"wp","href":"https:\/\/api.w.org\/{rel}","templated":true}]}}