{"id":4118,"date":"2021-01-28T11:08:11","date_gmt":"2021-01-28T13:08:11","guid":{"rendered":"https:\/\/www.confere.org.br\/wordpress\/?p=4118"},"modified":"2021-01-28T12:18:41","modified_gmt":"2021-01-28T14:18:41","slug":"vendas-de-maquinas-e-equipamentos-tem-alta-de-51-em-2020","status":"publish","type":"post","link":"https:\/\/www.confere.org.br\/wordpress\/vendas-de-maquinas-e-equipamentos-tem-alta-de-51-em-2020\/","title":{"rendered":"Vendas de m\u00e1quinas e equipamentos t\u00eam alta de 5,1% em 2020"},"content":{"rendered":"\n<p>As vendas da ind\u00fastria brasileira de m\u00e1quinas e equipamentos totalizaram no ano de 2020 R$ 144,5 bilh\u00f5es, resultado 5,1% superior ao registrado em 2019. No m\u00eas de dezembro, as vendas somaram R$ 13,4 bilh\u00f5es, 36,7% superior ao obtido no mesmo m\u00eas de 2019. Os dados, divulgados hoje (27), s\u00e3o da Associa\u00e7\u00e3o Brasileira da Ind\u00fastria de M\u00e1quinas e Equipamentos (Abimaq).<img src=\"https:\/\/agenciabrasil.ebc.com.br\/ebc.png?id=1399861&amp;o=node\"><img src=\"https:\/\/agenciabrasil.ebc.com.br\/ebc.gif?id=1399861&amp;o=node\"><\/p>\n\n\n\n<p>\u201cAp\u00f3s sucessivas retra\u00e7\u00f5es, o ano de 2020 encerra com a sinaliza\u00e7\u00e3o de normaliza\u00e7\u00e3o das vendas internas e melhoria das exporta\u00e7\u00f5es para 2021\u201d, disse a entidade em nota.<\/p>\n\n\n\n<p>Dentre os segmentos que mais colaboraram com o aumento nas vendas est\u00e3o m\u00e1quinas para bens de consumo, em especial m\u00e1quinas para madeira, alimentos e refrigera\u00e7\u00e3o.<\/p>\n\n\n\n<p>O setor vendeu ao exterior, no ano passado, R$ 7,3 bilh\u00f5es em equipamentos, montante 23,7% inferior ao registrado em 2019. Em dezembro, as exporta\u00e7\u00f5es somaram R$ 759,2 milh\u00f5es, 0,9% a mais que o obtido no mesmo m\u00eas de 2019.&nbsp;<\/p>\n\n\n\n<p>\u201cAinda que o crescimento de dezembro seja modesto, o resultado sinaliza uma poss\u00edvel mudan\u00e7a de rumo das exporta\u00e7\u00f5es em 2021. No acumulado do ano, as vendas externas de m\u00e1quinas registraram a maior queda desde a crise de 2009\u201d, ressaltou a entidade.&nbsp;<\/p>\n\n\n\n<h4><br>Empregos<\/h4>\n\n\n\n<p>A quantidade de pessoas ocupadas no setor de m\u00e1quinas e equipamentos em 2020 superou a de 2019. Em dezembro, o setor fechou o ano com 326,5 mil postos de trabalho, quase 24 mil empregos a mais que o observado em 2019. \u201cA forte recupera\u00e7\u00e3o na produ\u00e7\u00e3o dos setores fabricantes de m\u00e1quinas ferramentas, m\u00e1quinas agr\u00edcolas, reservat\u00f3rios met\u00e1licos e determinados componentes explicam este aumento\u201d, disse a entidade.<\/p>\n\n\n\n<p>De acordo com a Abimaq, a estimativa \u00e9 que o setor consiga um aumento nas vendas em 2021 na faixa de 7%.<\/p>\n\n\n\n<p><br><br>Fonte: <a rel=\"noreferrer noopener\" href=\"https:\/\/agenciabrasil.ebc.com.br\/economia\/noticia\/2021-01\/vendas-de-maquinas-e-equipamentos-tem-alta-de-51-em-2020\" target=\"_blank\">Ag\u00eancia Brasil<\/a><\/p>\n","protected":false},"excerpt":{"rendered":"<p>O setor exportou R$ 7,3 bilh\u00f5es no ano passado<\/p>\n","protected":false},"author":3,"featured_media":3489,"comment_status":"closed","ping_status":"closed","sticky":false,"template":"","format":"standard","meta":[],"categories":[2],"tags":[],"_links":{"self":[{"href":"https:\/\/www.confere.org.br\/wordpress\/wp-json\/wp\/v2\/posts\/4118"}],"collection":[{"href":"https:\/\/www.confere.org.br\/wordpress\/wp-json\/wp\/v2\/posts"}],"about":[{"href":"https:\/\/www.confere.org.br\/wordpress\/wp-json\/wp\/v2\/types\/post"}],"author":[{"embeddable":true,"href":"https:\/\/www.confere.org.br\/wordpress\/wp-json\/wp\/v2\/users\/3"}],"replies":[{"embeddable":true,"href":"https:\/\/www.confere.org.br\/wordpress\/wp-json\/wp\/v2\/comments?post=4118"}],"version-history":[{"count":1,"href":"https:\/\/www.confere.org.br\/wordpress\/wp-json\/wp\/v2\/posts\/4118\/revisions"}],"predecessor-version":[{"id":4119,"href":"https:\/\/www.confere.org.br\/wordpress\/wp-json\/wp\/v2\/posts\/4118\/revisions\/4119"}],"wp:featuredmedia":[{"embeddable":true,"href":"https:\/\/www.confere.org.br\/wordpress\/wp-json\/wp\/v2\/media\/3489"}],"wp:attachment":[{"href":"https:\/\/www.confere.org.br\/wordpress\/wp-json\/wp\/v2\/media?parent=4118"}],"wp:term":[{"taxonomy":"category","embeddable":true,"href":"https:\/\/www.confere.org.br\/wordpress\/wp-json\/wp\/v2\/categories?post=4118"},{"taxonomy":"post_tag","embeddable":true,"href":"https:\/\/www.confere.org.br\/wordpress\/wp-json\/wp\/v2\/tags?post=4118"}],"curies":[{"name":"wp","href":"https:\/\/api.w.org\/{rel}","templated":true}]}}