{"id":4130,"date":"2021-02-02T11:19:32","date_gmt":"2021-02-02T13:19:32","guid":{"rendered":"https:\/\/www.confere.org.br\/wordpress\/?p=4130"},"modified":"2021-02-02T12:38:25","modified_gmt":"2021-02-02T14:38:25","slug":"micro-e-pequena-empresa-reverte-perda-de-empregos-por-pandemia-e-gera-2932-mil-novos-postos","status":"publish","type":"post","link":"https:\/\/www.confere.org.br\/wordpress\/micro-e-pequena-empresa-reverte-perda-de-empregos-por-pandemia-e-gera-2932-mil-novos-postos\/","title":{"rendered":"Micro e pequena empresa reverte perda de empregos por pandemia e gera 293,2 mil novos postos"},"content":{"rendered":"<p>As micro e pequenas empresas (MPE) conseguiram reverter a perda de empregos por conta da pandemia, sendo ainda as \u00fanicas a fecharem 2020, marcado pela covid-19, com saldo positivo no Pa\u00eds. No vermelho at\u00e9 outubro, esses neg\u00f3cios inverteram o prumo e geraram 293,2 mil novos empregos no ano passado, mostra estudo do Sebrae obtido com exclusividade pelo\u00a0<strong>Estad\u00e3o\/Broadcast<\/strong>, e feito a partir de dados do Minist\u00e9rio da Economia.<\/p>\n<p>Por sua vez, as m\u00e9dias e grandes empresas (MGE) caminharam na dire\u00e7\u00e3o contr\u00e1ria e encerraram 193,6 mil postos de trabalho em 2020. Apoiado nos pequenos neg\u00f3cios, mostra o estudo do Sebrae, o Brasil gerou 142,7 mil empregos no ano passado.<\/p>\n<p class=\"text\">De acordo com\u00a0<strong>o presidente do Sebrae,\u00a0<\/strong>Carlos Melles, a rea\u00e7\u00e3o das micro e pequenas empresas j\u00e1 era esperada, considerando outras crises. &#8220;N\u00f3s j\u00e1 verificamos, em outros anos, que os pequenos neg\u00f3cios s\u00e3o os que reagem mais rapidamente a uma situa\u00e7\u00e3o de crise, retomando a gera\u00e7\u00e3o de novos postos de trabalho&#8221;, afirma, em nota ao\u00a0<strong>Estad\u00e3o\/Broadcast<\/strong>.<\/p>\n<p class=\"text\">Ele diz que o Sebrae tem negociado com o governo federal e com o Congresso no intuito de encontrar solu\u00e7\u00f5es para manter o socorro a pequenos empreendedores uma vez que a pandemia n\u00e3o acabou, e os neg\u00f3cios ainda seguem com faturamento comprometido frente ao patamar pr\u00e9-crise. Uma das sa\u00eddas, afirma, \u00e9 um rem\u00e9dio j\u00e1 usado no ano passado: cr\u00e9dito.<\/p>\n<p class=\"text\">&#8220;Continuamos em busca de uma solu\u00e7\u00e3o para o problema do cr\u00e9dito &#8211; com a aprova\u00e7\u00e3o do projeto de Lei que torna o Pronampe uma medida permanente &#8211; e estamos negociando pela extens\u00e3o de medidas voltadas \u00e0 manuten\u00e7\u00e3o do emprego&#8221;, detalha o presidente do Sebrae.<\/p>\n<p class=\"text\">No m\u00eas de dezembro, as micro e pequenas empresas foram o motor da gera\u00e7\u00e3o de empregos no Brasil pela sexta vez seguida. Somados, os pequenos neg\u00f3cios criaram 22.731 postos de trabalho no per\u00edodo a despeito da pandemia. Segundo o Sebrae, os pequenos neg\u00f3cios foram os \u00fanicos a gerar empregos nesse \u00faltimo m\u00eas do ano, uma vez que as m\u00e9dias e grandes empresas mais demitiram do que contrataram no per\u00edodo. Como resultado, o Brasil perdeu 67,9 mil empregos em dezembro, m\u00eas importante para o com\u00e9rcio por conta das festas de fim de ano.<\/p>\n<p><\/br><\/p>\n<h4><\/h4>\n<h4>No detalhe<\/h4>\n<p class=\"text\">Na an\u00e1lise por segmento, os pequenos neg\u00f3cios da constru\u00e7\u00e3o civil foram respons\u00e1veis pela maior gera\u00e7\u00e3o de empregos em 2020. Foram 136,5 mil novos postos, equivalente a 46,6% do total no ano. Na sequ\u00eancia, as micro e pequenas empresas do setor de servi\u00e7os criaram quase 51 mil vagas em 2020.<\/p>\n<p class=\"text\">Na contram\u00e3o, as m\u00e9dias e grandes empresas, conforme estudo do Sebrae, s\u00f3 registraram saldo positivo de empregos na ind\u00fastria de transforma\u00e7\u00e3o, com 13 mil novas vagas.<\/p>\n<p class=\"text\">J\u00e1 na divis\u00e3o por estados, Roraima liderou o ranking anual, com a propor\u00e7\u00e3o de 107,5 empregados por 1.000 empregos na regi\u00e3o. Par\u00e1 aparece em segundo lugar, com 79,01 postos por 1.000 trabalhadores.<\/p>\n<p><\/br><\/br><br \/>\nFonte: <a href=\"https:\/\/www.terra.com.br\/noticias\/coronavirus\/micro-e-pequena-empresa-reverte-perda-de-empregos-por-pandemia-e-gera-2932-mil-novos-postos,3ff8f87792b793cfbb30ba0415f0eba81mrejljt.html\" target=\"_blank\" rel=\"noopener noreferrer\">www.terra.com.br<\/a><\/p>\n","protected":false},"excerpt":{"rendered":"<p>Enquanto isso, as m\u00e9dias e grandes empresas foram na dire\u00e7\u00e3o contr\u00e1ria e encerraram 193,6 mil vagas; presidente do Sebrae diz que tem negociado com o governo solu\u00e7\u00f5es para ajudar os micro e pequenos<\/p>\n","protected":false},"author":3,"featured_media":4131,"comment_status":"closed","ping_status":"closed","sticky":false,"template":"","format":"standard","meta":[],"categories":[2],"tags":[],"_links":{"self":[{"href":"https:\/\/www.confere.org.br\/wordpress\/wp-json\/wp\/v2\/posts\/4130"}],"collection":[{"href":"https:\/\/www.confere.org.br\/wordpress\/wp-json\/wp\/v2\/posts"}],"about":[{"href":"https:\/\/www.confere.org.br\/wordpress\/wp-json\/wp\/v2\/types\/post"}],"author":[{"embeddable":true,"href":"https:\/\/www.confere.org.br\/wordpress\/wp-json\/wp\/v2\/users\/3"}],"replies":[{"embeddable":true,"href":"https:\/\/www.confere.org.br\/wordpress\/wp-json\/wp\/v2\/comments?post=4130"}],"version-history":[{"count":7,"href":"https:\/\/www.confere.org.br\/wordpress\/wp-json\/wp\/v2\/posts\/4130\/revisions"}],"predecessor-version":[{"id":4140,"href":"https:\/\/www.confere.org.br\/wordpress\/wp-json\/wp\/v2\/posts\/4130\/revisions\/4140"}],"wp:featuredmedia":[{"embeddable":true,"href":"https:\/\/www.confere.org.br\/wordpress\/wp-json\/wp\/v2\/media\/4131"}],"wp:attachment":[{"href":"https:\/\/www.confere.org.br\/wordpress\/wp-json\/wp\/v2\/media?parent=4130"}],"wp:term":[{"taxonomy":"category","embeddable":true,"href":"https:\/\/www.confere.org.br\/wordpress\/wp-json\/wp\/v2\/categories?post=4130"},{"taxonomy":"post_tag","embeddable":true,"href":"https:\/\/www.confere.org.br\/wordpress\/wp-json\/wp\/v2\/tags?post=4130"}],"curies":[{"name":"wp","href":"https:\/\/api.w.org\/{rel}","templated":true}]}}