{"id":4141,"date":"2021-02-03T10:39:31","date_gmt":"2021-02-03T12:39:31","guid":{"rendered":"https:\/\/www.confere.org.br\/wordpress\/?p=4141"},"modified":"2021-02-03T10:43:37","modified_gmt":"2021-02-03T12:43:37","slug":"aumenta-numero-de-empresas-abertas-no-pais","status":"publish","type":"post","link":"https:\/\/www.confere.org.br\/wordpress\/aumenta-numero-de-empresas-abertas-no-pais\/","title":{"rendered":"Aumenta n\u00famero de empresas abertas no pa\u00eds"},"content":{"rendered":"<p>O n\u00famero de empresas abertas em 2020 aumentou 6% em rela\u00e7\u00e3o ao ano de 2019. \u00c9 o que mostra o boletim anual do Mapa de Empresas, divulgado hoje (2) pelo Minist\u00e9rio da Economia. No ano passado, foram abertas 3.359.750 empresas no pa\u00eds e fechadas 1.044.696, o que deixou um saldo positivo de 2,3 milh\u00f5es de empreendimentos ativos. O n\u00famero de empresas fechadas tamb\u00e9m apresentou uma queda de 11,3% em rela\u00e7\u00e3o ao ano anterior.<\/p>\n<p><\/br><\/br><\/p>\n<p>No total, o pa\u00eds fechou 2020 com 19.907.733 empresas ativas, o que representa crescimento de 3,2% em rela\u00e7\u00e3o ao segundo quadrimestre (maio a agosto) de 2020. Segundo a pasta, o n\u00famero reflete as medidas tomadas pelo governo para facilitar a abertura de empresas em meio \u00e0 pandemia da covid-19, que levou muitas pessoas a buscarem no pr\u00f3prio neg\u00f3cio uma oportunidade para gerar renda.<\/p>\n<p><\/br><\/br><\/p>\n<p>S\u00e3o Paulo, Minas Gerais e Rio de Janeiro s\u00e3o os estados que t\u00eam mais empresas ativas, com quase 50%. O secret\u00e1rio de Governo Digital do Minist\u00e9rio da Economia, Lu\u00eds Felipe Monteiro lembrou que a maior parte dos empreendimentos est\u00e1 no setor terci\u00e1rio.<\/p>\n<p><\/br><\/br><\/p>\n<p>\u201cNessas empresas abertas h\u00e1 uma predomin\u00e2ncia daquelas que atuam no setor terci\u00e1rio da economia, especialmente com\u00e9rcio e presta\u00e7\u00e3o de servi\u00e7os, que s\u00e3o mais de 80% de empreendimentos ativos no seguimento\u201d, disse Monteiro.<\/p>\n<p><\/br><\/br><\/p>\n<p>O boletim mostra ainda que a maioria das novas empresas e de microempreendedores individuais (MEI). Foram registrados 11.262.384 MEIs ativos no final do terceiro quadrimestre de 2020, dos quais 2.663.309 abertos em 2020. Um crescimento de 8,4% em rela\u00e7\u00e3o ao mesmo per\u00edodo de 2019.<\/p>\n<p><\/br><\/br><\/p>\n<p>De acordo com a subsecret\u00e1ria de Desenvolvimento das Micro e Pequenas Empresas, Empreendedorismo e Artesanato, Antonia Tallarida, os dados dos \u00faltimos anos mostram que a abertura de MEIs tem elevado a taxa total de empresas abertas. Com isso, a taxa de representa\u00e7\u00e3o total dos MEIs tem se elevado nas medi\u00e7\u00f5es.<\/p>\n<p><\/br><\/br><\/p>\n<p>\u201cEm 2019 os micro empreendedores individuais representavam 77,6% dos neg\u00f3cios aberto e, em 2020, a gente atingiu a marca de que 79,3% dos neg\u00f3cios abertos s\u00e3o MEIs\u201d, disse.<\/p>\n<p><\/br><\/br><\/p>\n<p>Entre outros pontos, o boletim apura informa\u00e7\u00f5es relativas ao tempo m\u00e9dio de abertura de empresas, n\u00famero de aberturas e fechamentos de empreendimentos, localiza\u00e7\u00e3o e atividades desenvolvidas.<\/p>\n<p><\/br><\/br><\/p>\n<p>Segundo o boletim, no terceiro quadrimestre do ano passado o tempo m\u00e9dio para a abertura de uma empresa foi de dois dias e 13 horas o tempo m\u00e9dio para a abertura de empresas no terceiro quadrimestre de 2020. Em janeiro de 2019, o tempo m\u00e9dio era de cinco dias e nove horas.<br \/>\n<\/br><\/br><\/br><\/p>\n<h4>Estados<\/h4>\n<p>Entre os estados, Goi\u00e1s \u00e9 que apresenta o menor tempo m\u00e9dio para a abertura de empresas, e onde \u00e9 poss\u00edvel registrar um empreendimento em um dia e duas horas. Na sequ\u00eancia, aparece Sergipe, com o tempo m\u00e9dio de um dia e cinco horas para a abertura da empresa.<\/p>\n<p><\/br><\/br><\/p>\n<p>J\u00e1 os estados com o maior prazo de tempo para a abertura de um empreendimento s\u00e3o: O Rio Grande do Sul, onde se leva em media tr\u00eas dias e 20 horas para abrir uma empresa e Bahia, onde se leva, em m\u00e9dia, seis dias e 20 horas. O estado, entretanto vem apresentando uma evolu\u00e7\u00e3o nesse prazo, diminuindo em 22 horas o prazo na compara\u00e7\u00e3o com o quadrimestre anterior (maio a agosto de 2020) para abrir uma empresa.<\/p>\n<p><\/br><\/br><\/p>\n<p>Entre as capitais, o destaque \u00e9 Curitiba (PR), onde se leva, em m\u00e9dia, 22 horas para se abrir uma empresa. Em seguida, vem Macap\u00e1 (AP), com um dia e uma hora. As capitais com maior prazo s\u00e3o Recife, onde se leva tr\u00eas dias e 16 horas para abrir uma empresa, e Salvador (BA), que apresenta o prazo m\u00e9dio de oito dias e 17 horas para finalizar o procedimento. A capital vem melhorando a cada quadrimestre, diminuindo o prazo em 24h em rela\u00e7\u00e3o ao quadrimestre anterior.<\/p>\n<p><\/br><\/br><\/p>\n<p>O secret\u00e1rio especial adjunto de Desburocratiza\u00e7\u00e3o, Gest\u00e3o e Governo Digital, Gleisson Rubin, disse que com as medidas adotadas para diminuir a burocracia, atualmente, cerca de 45,5% das empresas conseguem ser abertas em menos de um dia.<\/p>\n<p><\/br><\/br><br \/>\n\u201cS\u00e3o as [empresas] classificadas como de baixo risco, que respondem por 60% do total de registros e para as quais n\u00e3o existe a necessidade de obten\u00e7\u00e3o de alvar\u00e1s e licen\u00e7as e de servi\u00e7os\u201d, disse.<br \/>\n<\/br><\/br><\/br><\/br><br \/>\nFonte: <a href=\"https:\/\/agenciabrasil.ebc.com.br\/economia\/noticia\/2021-02\/aumenta-numero-de-empresas-abertas-no-pais\" target=\"_blank\" rel=\"noopener noreferrer\">Ag\u00eancia Brasil<\/a><\/p>\n","protected":false},"excerpt":{"rendered":"<p>Mapa foi divulgado hoje pelo Minist\u00e9rio da Economia<\/p>\n","protected":false},"author":3,"featured_media":2983,"comment_status":"closed","ping_status":"closed","sticky":false,"template":"","format":"standard","meta":[],"categories":[2],"tags":[],"_links":{"self":[{"href":"https:\/\/www.confere.org.br\/wordpress\/wp-json\/wp\/v2\/posts\/4141"}],"collection":[{"href":"https:\/\/www.confere.org.br\/wordpress\/wp-json\/wp\/v2\/posts"}],"about":[{"href":"https:\/\/www.confere.org.br\/wordpress\/wp-json\/wp\/v2\/types\/post"}],"author":[{"embeddable":true,"href":"https:\/\/www.confere.org.br\/wordpress\/wp-json\/wp\/v2\/users\/3"}],"replies":[{"embeddable":true,"href":"https:\/\/www.confere.org.br\/wordpress\/wp-json\/wp\/v2\/comments?post=4141"}],"version-history":[{"count":7,"href":"https:\/\/www.confere.org.br\/wordpress\/wp-json\/wp\/v2\/posts\/4141\/revisions"}],"predecessor-version":[{"id":4148,"href":"https:\/\/www.confere.org.br\/wordpress\/wp-json\/wp\/v2\/posts\/4141\/revisions\/4148"}],"wp:featuredmedia":[{"embeddable":true,"href":"https:\/\/www.confere.org.br\/wordpress\/wp-json\/wp\/v2\/media\/2983"}],"wp:attachment":[{"href":"https:\/\/www.confere.org.br\/wordpress\/wp-json\/wp\/v2\/media?parent=4141"}],"wp:term":[{"taxonomy":"category","embeddable":true,"href":"https:\/\/www.confere.org.br\/wordpress\/wp-json\/wp\/v2\/categories?post=4141"},{"taxonomy":"post_tag","embeddable":true,"href":"https:\/\/www.confere.org.br\/wordpress\/wp-json\/wp\/v2\/tags?post=4141"}],"curies":[{"name":"wp","href":"https:\/\/api.w.org\/{rel}","templated":true}]}}