{"id":4149,"date":"2021-02-04T11:54:27","date_gmt":"2021-02-04T13:54:27","guid":{"rendered":"https:\/\/www.confere.org.br\/wordpress\/?p=4149"},"modified":"2021-02-04T11:58:24","modified_gmt":"2021-02-04T13:58:24","slug":"ipea-consumo-de-bens-industriais-subiu-36-em-dezembro","status":"publish","type":"post","link":"https:\/\/www.confere.org.br\/wordpress\/ipea-consumo-de-bens-industriais-subiu-36-em-dezembro\/","title":{"rendered":"Ipea: consumo de bens industriais subiu 3,6% em dezembro"},"content":{"rendered":"<p>O Indicador Ipea de Consumo Aparente de Bens Industriais, que \u00e9 a parcela da produ\u00e7\u00e3o industrial dom\u00e9stica para o mercado interno acrescida das importa\u00e7\u00f5es, teve alta de 3,6% em dezembro, na compara\u00e7\u00e3o com o m\u00eas anterior.<\/p>\n<p>&nbsp;<br \/>\n<\/br><\/br><br \/>\nDe acordo com o Instituto de Pesquisa Econ\u00f4mica Aplicada (Ipea), que divulgou o resultado hoje (3), o \u00edndice representa a oitava varia\u00e7\u00e3o positiva seguida na margem. Teve crescimento tamb\u00e9m no quarto trimestre de 2020 (9,4%). J\u00e1 em rela\u00e7\u00e3o a dezembro de 2019, o indicador subiu 20,1%.<\/p>\n<p>&nbsp;<br \/>\n<\/br><\/br><br \/>\nNo acumulado de 2020, o Indicador Ipea recuou 5,2%. Na produ\u00e7\u00e3o industrial avaliada na Pesquisa Industrial Mensal de Produ\u00e7\u00e3o F\u00edsica, do Instituto Brasileiro de Geografia e Estat\u00edstica (IBGE), a queda foi menor (-4,5%). O indicador mede a demanda por bens industriais, que \u00e9 definida como a produ\u00e7\u00e3o industrial interna n\u00e3o exportada, somada \u00e0s importa\u00e7\u00f5es.<\/p>\n<p>&nbsp;<br \/>\n<\/br><\/br><br \/>\nO instituto informou ainda que entre os componentes do consumo aparente, a produ\u00e7\u00e3o de bens nacionais cresceu 3,5% em dezembro, em rela\u00e7\u00e3o ao m\u00eas anterior. J\u00e1 as importa\u00e7\u00f5es de bens industriais subiram 17,3% na mesma compara\u00e7\u00e3o.<\/p>\n<p>&nbsp;<br \/>\n<\/br><\/br><\/br><\/p>\n<h4>Desempenho<\/h4>\n<p>O Indicador Ipea mostrou ainda que o bom desempenho foi disseminado em dezembro nas grandes categorias econ\u00f4micas. Um dos componentes dos investimentos, que \u00e9 a demanda por bens de capital, avan\u00e7ou 99,2%, \u00e9 explicado pelas importa\u00e7\u00f5es de plataformas de petr\u00f3leo, que atingiram US$ 4,8 bilh\u00f5es no per\u00edodo.<\/p>\n<p>&nbsp;<br \/>\n<\/br><\/br><br \/>\nOutras altas foram registradas na demanda por bens intermedi\u00e1rios (2,6%), na demanda por bens de consumo dur\u00e1veis (0,2%), mas em rela\u00e7\u00e3o aos bens semi e n\u00e3o dur\u00e1veis houve recuo de 2,2%.<\/p>\n<p>&nbsp;<br \/>\n<\/br><\/br><\/br><\/p>\n<h4>Classes de produ\u00e7\u00e3o<\/h4>\n<p>De acordo com o Indicador do Ipea, entre as classes de produ\u00e7\u00e3o, houve avan\u00e7o de 2,5% na demanda interna por bens da ind\u00fastria de transforma\u00e7\u00e3o, um reflexo do bom desempenho das grandes categorias econ\u00f4micas.<\/p>\n<p>&nbsp;<br \/>\n<\/br><\/br><br \/>\nAp\u00f3s queda de 12,1% em novembro, a ind\u00fastria extrativa mineral cresceu 5,5% no \u00faltimo m\u00eas de 2020. Ao todo, 14 dos 22 segmentos da ind\u00fastria de transforma\u00e7\u00e3o apresentaram evolu\u00e7\u00e3o, com destaque para outros equipamentos de transporte, que por causa das importa\u00e7\u00f5es das plataformas de petr\u00f3leo, avan\u00e7ou 557,3%.<\/p>\n<p>&nbsp;<br \/>\n<\/br><\/br><br \/>\nJ\u00e1 em rela\u00e7\u00e3o a dezembro de 2019, 18 segmentos registraram crescimento, entre eles, novamente, outros equipamentos de transporte, com 369,5%.<\/p>\n<p><\/br><\/br><\/br><br \/>\nFonte: <a href=\"https:\/\/agenciabrasil.ebc.com.br\/economia\/noticia\/2021-02\/ipea-consumo-de-bens-industriais-subiu-36-em-dezembro\" target=\"_blank\" rel=\"noopener noreferrer\">Ag\u00eancia Brasil<\/a><\/p>\n","protected":false},"excerpt":{"rendered":"<p>\u00edndice representa a oitava varia\u00e7\u00e3o positiva seguida<\/p>\n","protected":false},"author":3,"featured_media":3226,"comment_status":"closed","ping_status":"closed","sticky":false,"template":"","format":"standard","meta":[],"categories":[2],"tags":[],"_links":{"self":[{"href":"https:\/\/www.confere.org.br\/wordpress\/wp-json\/wp\/v2\/posts\/4149"}],"collection":[{"href":"https:\/\/www.confere.org.br\/wordpress\/wp-json\/wp\/v2\/posts"}],"about":[{"href":"https:\/\/www.confere.org.br\/wordpress\/wp-json\/wp\/v2\/types\/post"}],"author":[{"embeddable":true,"href":"https:\/\/www.confere.org.br\/wordpress\/wp-json\/wp\/v2\/users\/3"}],"replies":[{"embeddable":true,"href":"https:\/\/www.confere.org.br\/wordpress\/wp-json\/wp\/v2\/comments?post=4149"}],"version-history":[{"count":6,"href":"https:\/\/www.confere.org.br\/wordpress\/wp-json\/wp\/v2\/posts\/4149\/revisions"}],"predecessor-version":[{"id":4155,"href":"https:\/\/www.confere.org.br\/wordpress\/wp-json\/wp\/v2\/posts\/4149\/revisions\/4155"}],"wp:featuredmedia":[{"embeddable":true,"href":"https:\/\/www.confere.org.br\/wordpress\/wp-json\/wp\/v2\/media\/3226"}],"wp:attachment":[{"href":"https:\/\/www.confere.org.br\/wordpress\/wp-json\/wp\/v2\/media?parent=4149"}],"wp:term":[{"taxonomy":"category","embeddable":true,"href":"https:\/\/www.confere.org.br\/wordpress\/wp-json\/wp\/v2\/categories?post=4149"},{"taxonomy":"post_tag","embeddable":true,"href":"https:\/\/www.confere.org.br\/wordpress\/wp-json\/wp\/v2\/tags?post=4149"}],"curies":[{"name":"wp","href":"https:\/\/api.w.org\/{rel}","templated":true}]}}