{"id":4160,"date":"2021-02-04T12:24:34","date_gmt":"2021-02-04T14:24:34","guid":{"rendered":"https:\/\/www.confere.org.br\/wordpress\/?p=4160"},"modified":"2021-02-04T12:24:59","modified_gmt":"2021-02-04T14:24:59","slug":"oportunidades","status":"publish","type":"post","link":"https:\/\/www.confere.org.br\/wordpress\/oportunidades\/","title":{"rendered":"OPORTUNIDADES"},"content":{"rendered":"<p>O site do CONFERE disponibiliza uma aba com oportunidades em todo o Brasil.<\/p>\n<p>&nbsp;<br \/>\n<\/br><\/br><br \/>\n\u00c9 tudo o que voc\u00ea precisa para dar uma guinada nos seus neg\u00f3cios em 2021.<\/p>\n<p>&nbsp;<br \/>\n<\/br><\/br><br \/>\nSeja qual for a sua \u00e1rea de atua\u00e7\u00e3o, l\u00e1 voc\u00ea encontra centenas de empresas de portas abertas para voc\u00ea come\u00e7ar o ano com motiva\u00e7\u00e3o renovada e perspectivas no topo!<\/p>\n<p>&nbsp;<br \/>\n<\/br><\/br><br \/>\nOu, para empresas que buscam novos representantes comerciais, a visibilidade que faltava para encontrar os melhores profissionais!<\/p>\n<p>&nbsp;<br \/>\n<\/br><\/br><br \/>\nSe voc\u00ea j\u00e1 \u00e9 um representante comercial registrado no CORE, \u00e9 s\u00f3 acessar: <a href=\"https:\/\/www.confere.org.br\/oportunidades_negocios.php\" target=\"_blank\" rel=\"noopener noreferrer\">https:\/\/www.confere.org.br\/oportunidades_negocios.php<\/a><\/p>\n","protected":false},"excerpt":{"rendered":"<p>Dificuldade para encontrar novos representantes ou representadas?<\/p>\n","protected":false},"author":3,"featured_media":4161,"comment_status":"closed","ping_status":"closed","sticky":false,"template":"","format":"standard","meta":[],"categories":[34,49],"tags":[],"_links":{"self":[{"href":"https:\/\/www.confere.org.br\/wordpress\/wp-json\/wp\/v2\/posts\/4160"}],"collection":[{"href":"https:\/\/www.confere.org.br\/wordpress\/wp-json\/wp\/v2\/posts"}],"about":[{"href":"https:\/\/www.confere.org.br\/wordpress\/wp-json\/wp\/v2\/types\/post"}],"author":[{"embeddable":true,"href":"https:\/\/www.confere.org.br\/wordpress\/wp-json\/wp\/v2\/users\/3"}],"replies":[{"embeddable":true,"href":"https:\/\/www.confere.org.br\/wordpress\/wp-json\/wp\/v2\/comments?post=4160"}],"version-history":[{"count":2,"href":"https:\/\/www.confere.org.br\/wordpress\/wp-json\/wp\/v2\/posts\/4160\/revisions"}],"predecessor-version":[{"id":4163,"href":"https:\/\/www.confere.org.br\/wordpress\/wp-json\/wp\/v2\/posts\/4160\/revisions\/4163"}],"wp:featuredmedia":[{"embeddable":true,"href":"https:\/\/www.confere.org.br\/wordpress\/wp-json\/wp\/v2\/media\/4161"}],"wp:attachment":[{"href":"https:\/\/www.confere.org.br\/wordpress\/wp-json\/wp\/v2\/media?parent=4160"}],"wp:term":[{"taxonomy":"category","embeddable":true,"href":"https:\/\/www.confere.org.br\/wordpress\/wp-json\/wp\/v2\/categories?post=4160"},{"taxonomy":"post_tag","embeddable":true,"href":"https:\/\/www.confere.org.br\/wordpress\/wp-json\/wp\/v2\/tags?post=4160"}],"curies":[{"name":"wp","href":"https:\/\/api.w.org\/{rel}","templated":true}]}}