{"id":4210,"date":"2021-02-09T11:41:02","date_gmt":"2021-02-09T13:41:02","guid":{"rendered":"https:\/\/www.confere.org.br\/wordpress\/?p=4210"},"modified":"2021-02-09T11:42:26","modified_gmt":"2021-02-09T13:42:26","slug":"vagas-formais-do-comercio-eletronico-destacam-se-na-pandemia-aponta-cnc","status":"publish","type":"post","link":"https:\/\/www.confere.org.br\/wordpress\/vagas-formais-do-comercio-eletronico-destacam-se-na-pandemia-aponta-cnc\/","title":{"rendered":"Vagas formais do com\u00e9rcio eletr\u00f4nico destacam-se na pandemia, aponta CNC"},"content":{"rendered":"<p>Ocupa\u00e7\u00f5es ligadas \u00e0 expans\u00e3o do com\u00e9rcio eletr\u00f4nico \u2014 como auxiliar de log\u00edstica, estoquista e embaladores de produtos \u2014 tiveram crescimento de dois d\u00edgitos no saldo de vagas formais no ano passado, aponta levantamento realizado pela Confedera\u00e7\u00e3o Nacional do Com\u00e9rcio de Bens, Servi\u00e7os e Turismo (CNC) a partir dos dados do Cadastro Geral de Empregados e Desempregados (Caged), no Minist\u00e9rio da Economia.<\/p>\n<p>&nbsp;<br \/>\n<\/br><\/br><br \/>\nNo campo negativo, destacam-se aquelas relacionadas a servi\u00e7os e ao atendimento presencial \u2014 como cobradores e motoristas de coletivos \u2014, al\u00e9m de atividades na \u00e1rea de educa\u00e7\u00e3o, em diferentes segmentos, como ensino superior e educa\u00e7\u00e3o infantil.<\/p>\n<p>&nbsp;<br \/>\n<\/br><\/br><br \/>\n\u201cO que se viu em 2020 foi um novo padr\u00e3o na demanda por trabalhadores. Das dez ocupa\u00e7\u00f5es com maior contingente de trabalhadores, apenas uma, alimentador de linhas de produ\u00e7\u00e3o, estava entre as que mais geraram vagas no ano passado. O que se viu foi um perfil muito diferente\u201d, afirmou o economista s\u00eanior da CNC, Fabio Bentes, respons\u00e1vel pelo estudo.<\/p>\n<p>&nbsp;<br \/>\n<\/br><\/br><br \/>\nAuxiliar de log\u00edstica foi a posi\u00e7\u00e3o com maior crescimento no saldo de vagas no ano passado, com alta de 28,1%. Ao todo, foram quase 20 mil vagas (19.276). O ritmo de expans\u00e3o tamb\u00e9m foi intenso em estoquistas (alta de 19,1%, com 12.304 vagas) e em embaladores de produtos (crescimento de 12,7%, com 23.677 vagas). S\u00e3o taxas muito superiores \u00e0 varia\u00e7\u00e3o m\u00e9dia registrada pelo Caged, de 0,4%.<\/p>\n<p>&nbsp;<br \/>\n<\/br><\/br><br \/>\nO saldo de contrata\u00e7\u00f5es em 2020 ficou positivo em 142.690 postos de trabalho, em fun\u00e7\u00e3o do crescimento registrado nos primeiros dois meses do ano. Em dezembro, o mercado formal ainda tinha 200 mil vagas a menos que em fevereiro, antes do in\u00edcio da pandemia.<\/p>\n<p>&nbsp;<br \/>\n<\/br><\/br><br \/>\nA recupera\u00e7\u00e3o do com\u00e9rcio a partir do segundo semestre ajudou a garantir oportunidades em ocupa\u00e7\u00f5es t\u00edpicas do setor como atendentes de lojas e mercados (13,0%), armazenistas (11,9%), repositores de mercadorias (8,0%) e vendedores em domic\u00edlio (7,5%). Quando se olha a ocupa\u00e7\u00e3o de vendedor do com\u00e9rcio \u2014 a segunda profiss\u00e3o mais demandada\u00a0no mercado de trabalho formal como um todo \u2014, no entanto, o saldo ficou negativo em 4%, ou seja, 76 mil vagas a menos. S\u00e3o quase dois milh\u00f5es de trabalhadores nesta ocupa\u00e7\u00e3o, aponta Bentes.<\/p>\n<p>&nbsp;<br \/>\n<\/br><\/br><br \/>\nSob influ\u00eancia do aumento das aulas remotas e tamb\u00e9m da redu\u00e7\u00e3o de alunos e at\u00e9 fechamento de escolas, as vagas no setor de Educa\u00e7\u00e3o foram impactadas. O estudo mostra que das vinte ocupa\u00e7\u00f5es com maiores perdas de vagas metade \u00e9 ligada ao setor. O total de vagas de professores de ensino superior na pr\u00e1tica do ensino caiu 6,4%, acompanhada por queda de 6,1% em auxiliares de desenvolvimento infantil e de 5,1% em professores de ensino na \u00e1rea de did\u00e1tica.<\/p>\n<p>&nbsp;<br \/>\n<\/br><\/br><\/br><br \/>\nFonte: <a href=\"https:\/\/valor.globo.com\/brasil\/noticia\/2021\/02\/08\/vagas-formais-do-comercio-eletronico-destacam-se-na-pandemia-aponta-cnc.ghtml\" target=\"_blank\" rel=\"noopener noreferrer\">Valor Econ\u00f4mico<\/a><\/p>\n<p>&nbsp;<\/p>\n<p>&nbsp;<\/p>\n<p>&nbsp;<\/p>\n","protected":false},"excerpt":{"rendered":"<p>No campo negativo, destacam-se aquelas relacionadas a servi\u00e7os e ao atendimento presencial, como cobradores e motoristas de coletivos<\/p>\n","protected":false},"author":3,"featured_media":3150,"comment_status":"closed","ping_status":"closed","sticky":false,"template":"","format":"standard","meta":[],"categories":[2],"tags":[],"_links":{"self":[{"href":"https:\/\/www.confere.org.br\/wordpress\/wp-json\/wp\/v2\/posts\/4210"}],"collection":[{"href":"https:\/\/www.confere.org.br\/wordpress\/wp-json\/wp\/v2\/posts"}],"about":[{"href":"https:\/\/www.confere.org.br\/wordpress\/wp-json\/wp\/v2\/types\/post"}],"author":[{"embeddable":true,"href":"https:\/\/www.confere.org.br\/wordpress\/wp-json\/wp\/v2\/users\/3"}],"replies":[{"embeddable":true,"href":"https:\/\/www.confere.org.br\/wordpress\/wp-json\/wp\/v2\/comments?post=4210"}],"version-history":[{"count":3,"href":"https:\/\/www.confere.org.br\/wordpress\/wp-json\/wp\/v2\/posts\/4210\/revisions"}],"predecessor-version":[{"id":4213,"href":"https:\/\/www.confere.org.br\/wordpress\/wp-json\/wp\/v2\/posts\/4210\/revisions\/4213"}],"wp:featuredmedia":[{"embeddable":true,"href":"https:\/\/www.confere.org.br\/wordpress\/wp-json\/wp\/v2\/media\/3150"}],"wp:attachment":[{"href":"https:\/\/www.confere.org.br\/wordpress\/wp-json\/wp\/v2\/media?parent=4210"}],"wp:term":[{"taxonomy":"category","embeddable":true,"href":"https:\/\/www.confere.org.br\/wordpress\/wp-json\/wp\/v2\/categories?post=4210"},{"taxonomy":"post_tag","embeddable":true,"href":"https:\/\/www.confere.org.br\/wordpress\/wp-json\/wp\/v2\/tags?post=4210"}],"curies":[{"name":"wp","href":"https:\/\/api.w.org\/{rel}","templated":true}]}}