{"id":4218,"date":"2021-02-09T12:04:02","date_gmt":"2021-02-09T14:04:02","guid":{"rendered":"https:\/\/www.confere.org.br\/wordpress\/?p=4218"},"modified":"2021-02-09T12:04:49","modified_gmt":"2021-02-09T14:04:49","slug":"vendas-de-cimento-no-brasil-cresceram-101-em-janeiro","status":"publish","type":"post","link":"https:\/\/www.confere.org.br\/wordpress\/vendas-de-cimento-no-brasil-cresceram-101-em-janeiro\/","title":{"rendered":"Vendas de cimento no Brasil cresceram 10,1% em janeiro"},"content":{"rendered":"<p>Parte da alta pode ser atribu\u00edda \u00e0 fraca base de compara\u00e7\u00e3o com janeiro de 2020, afirmou entidade, citando per\u00edodo de fortes chuvas que atrasaram obras e o consumo de cimento nas maiores regi\u00f5es consumidoras do Pa\u00eds.<\/p>\n<p>&nbsp;<br \/>\n<\/br><\/br><br \/>\nA entidade tamb\u00e9m citou a libera\u00e7\u00e3o das \u00faltimas parcelas do aux\u00edlio emergencial do governo federal, que impulsionou o mercado de autoconstru\u00e7\u00e3o, como reformas de moradias e estabelecimentos comerciais, a partir de meados do ano passado.<\/p>\n<p>&nbsp;<br \/>\n<\/br><\/br><br \/>\n\u201cA expectativa \u00e9 de que o baixo desempenho do primeiro quadrimestre do ano passado seja uma refer\u00eancia sobre o qual tenhamos resultados mais vigorosos at\u00e9 abril\u201d, disse o presidente do Snic, Paulo Camillo Penna, em comunicado.<\/p>\n<p>&nbsp;<br \/>\n<\/br><\/br><br \/>\nSegundo o Snic, por\u00e9m, \u201ctodos os indicadores de confian\u00e7a apontam uma piora nesse in\u00edcio do ano\u2026justificada pela elevada incerteza sobre a evolu\u00e7\u00e3o da pandemia e, consequentemente, da economia brasileira. Al\u00e9m disto, h\u00e1 uma efetiva preocupa\u00e7\u00e3o com o aumento de custos de insumos tais como coque e refrat\u00e1rios\u201d.<\/p>\n<p>&nbsp;<br \/>\n<\/br><\/br><br \/>\nEm janeiro, a regi\u00e3o Sudeste teve crescimento de 13,3% nas vendas de cimento ano a ano, para 2,4 milh\u00f5es de toneladas. Na compara\u00e7\u00e3o com dezembro, a vendas na regi\u00e3o subiram 15,3%.<\/p>\n<p>&nbsp;<br \/>\n<\/br><\/br><br \/>\nO Nordeste registrou crescimento anual de 8,5% e mensal de 0,3% nas vendas em janeiro, enquanto o Sul apurou incrementos de 2,7% e 1,5%, respectivamente. O Norte, fortemente atingido pela pandemia, apurou quedas de 2% e 14% e o Centro-Oeste viu evolu\u00e7\u00f5es respectivas de 16,6% e 7,6%.<\/p>\n<p>&nbsp;<br \/>\n<\/br><\/br><\/br><br \/>\nFonte: <a href=\"https:\/\/diariodocomercio.com.br\/economia\/vendas-de-cimento-no-brasil-cresceram-101-em-janeiro\/\" target=\"_blank\" rel=\"noopener noreferrer\">Di\u00e1rio do Com\u00e9rcio<\/a><\/p>\n","protected":false},"excerpt":{"rendered":"<p>A venda de cimento no Brasil em janeiro cresceu 10,1% ante mesmo m\u00eas do ano passado e avan\u00e7ou 7,3% no comparativo com dezembro, para 5,03 milh\u00f5es de toneladas, informou o Sindicato Nacional da Ind\u00fastria do Cimento (Snic)<\/p>\n","protected":false},"author":3,"featured_media":4219,"comment_status":"closed","ping_status":"closed","sticky":false,"template":"","format":"standard","meta":[],"categories":[2],"tags":[],"_links":{"self":[{"href":"https:\/\/www.confere.org.br\/wordpress\/wp-json\/wp\/v2\/posts\/4218"}],"collection":[{"href":"https:\/\/www.confere.org.br\/wordpress\/wp-json\/wp\/v2\/posts"}],"about":[{"href":"https:\/\/www.confere.org.br\/wordpress\/wp-json\/wp\/v2\/types\/post"}],"author":[{"embeddable":true,"href":"https:\/\/www.confere.org.br\/wordpress\/wp-json\/wp\/v2\/users\/3"}],"replies":[{"embeddable":true,"href":"https:\/\/www.confere.org.br\/wordpress\/wp-json\/wp\/v2\/comments?post=4218"}],"version-history":[{"count":2,"href":"https:\/\/www.confere.org.br\/wordpress\/wp-json\/wp\/v2\/posts\/4218\/revisions"}],"predecessor-version":[{"id":4221,"href":"https:\/\/www.confere.org.br\/wordpress\/wp-json\/wp\/v2\/posts\/4218\/revisions\/4221"}],"wp:featuredmedia":[{"embeddable":true,"href":"https:\/\/www.confere.org.br\/wordpress\/wp-json\/wp\/v2\/media\/4219"}],"wp:attachment":[{"href":"https:\/\/www.confere.org.br\/wordpress\/wp-json\/wp\/v2\/media?parent=4218"}],"wp:term":[{"taxonomy":"category","embeddable":true,"href":"https:\/\/www.confere.org.br\/wordpress\/wp-json\/wp\/v2\/categories?post=4218"},{"taxonomy":"post_tag","embeddable":true,"href":"https:\/\/www.confere.org.br\/wordpress\/wp-json\/wp\/v2\/tags?post=4218"}],"curies":[{"name":"wp","href":"https:\/\/api.w.org\/{rel}","templated":true}]}}