{"id":4254,"date":"2021-02-10T10:23:49","date_gmt":"2021-02-10T12:23:49","guid":{"rendered":"https:\/\/www.confere.org.br\/wordpress\/?p=4254"},"modified":"2022-11-18T10:51:16","modified_gmt":"2022-11-18T13:51:16","slug":"2020-resolucao-no-1-071-2015","status":"publish","type":"post","link":"https:\/\/www.confere.org.br\/wordpress\/2020-resolucao-no-1-071-2015\/","title":{"rendered":"2015 &#8211; Resolu\u00e7\u00e3o n\u00ba 1.071\/2015"},"content":{"rendered":"\n<p>Normatiza os procedimentos para apresenta\u00e7\u00e3o ao<br>Confere dos Demonstrativos Cont\u00e1beis mensais e<br>Presta\u00e7\u00f5es de Contas trimestrais e anuais pelos<br>Conselhos integrantes do Sistema Confere\/Cores.<\/p>\n\n\n\n<p><a href=\"https:\/\/www.confere.org.br\/wordpress\/wp-content\/uploads\/2021\/02\/RESOLUCAO-1071_2015.pdf\" target=\"_blank\" rel=\"noreferrer noopener\">https:\/\/www.confere.org.br\/wordpress\/wp-content\/uploads\/2021\/02\/RESOLUCAO-1071_2015.pdf<\/a><\/p>\n","protected":false},"excerpt":{"rendered":"<p>1.071, Resolu\u00e7\u00e3o, https:\/\/www.confere.org.br\/wordpress\/wp-content\/uploads\/2021\/02\/RESOLUCAO-1071_2015.pdf<\/p>\n","protected":false},"author":3,"featured_media":0,"comment_status":"closed","ping_status":"closed","sticky":false,"template":"","format":"standard","meta":[],"categories":[52],"tags":[],"_links":{"self":[{"href":"https:\/\/www.confere.org.br\/wordpress\/wp-json\/wp\/v2\/posts\/4254"}],"collection":[{"href":"https:\/\/www.confere.org.br\/wordpress\/wp-json\/wp\/v2\/posts"}],"about":[{"href":"https:\/\/www.confere.org.br\/wordpress\/wp-json\/wp\/v2\/types\/post"}],"author":[{"embeddable":true,"href":"https:\/\/www.confere.org.br\/wordpress\/wp-json\/wp\/v2\/users\/3"}],"replies":[{"embeddable":true,"href":"https:\/\/www.confere.org.br\/wordpress\/wp-json\/wp\/v2\/comments?post=4254"}],"version-history":[{"count":5,"href":"https:\/\/www.confere.org.br\/wordpress\/wp-json\/wp\/v2\/posts\/4254\/revisions"}],"predecessor-version":[{"id":4267,"href":"https:\/\/www.confere.org.br\/wordpress\/wp-json\/wp\/v2\/posts\/4254\/revisions\/4267"}],"wp:attachment":[{"href":"https:\/\/www.confere.org.br\/wordpress\/wp-json\/wp\/v2\/media?parent=4254"}],"wp:term":[{"taxonomy":"category","embeddable":true,"href":"https:\/\/www.confere.org.br\/wordpress\/wp-json\/wp\/v2\/categories?post=4254"},{"taxonomy":"post_tag","embeddable":true,"href":"https:\/\/www.confere.org.br\/wordpress\/wp-json\/wp\/v2\/tags?post=4254"}],"curies":[{"name":"wp","href":"https:\/\/api.w.org\/{rel}","templated":true}]}}