{"id":4259,"date":"2021-02-10T10:30:08","date_gmt":"2021-02-10T12:30:08","guid":{"rendered":"https:\/\/www.confere.org.br\/wordpress\/?p=4259"},"modified":"2022-11-18T10:51:05","modified_gmt":"2022-11-18T13:51:05","slug":"2020-resolucao-no-1-172-2020","status":"publish","type":"post","link":"https:\/\/www.confere.org.br\/wordpress\/2020-resolucao-no-1-172-2020\/","title":{"rendered":"2020 &#8211; Resolu\u00e7\u00e3o n\u00ba 1.172\/2020"},"content":{"rendered":"\n<p>Aprova o Plano Nacional de Fiscaliza\u00e7\u00e3o do Sistema<br>Confere\/Cores \u2013 PNF, com as orienta\u00e7\u00f5es e diretrizes de atua\u00e7\u00e3o<br>educativa, preventiva e punitiva e a ado\u00e7\u00e3o dos procedimentos<br>padronizados para a instaura\u00e7\u00e3o, instru\u00e7\u00e3o e julgamento de<br>processos por infra\u00e7\u00e3o \u00e0 legisla\u00e7\u00e3o, sem preju\u00edzo das medidas<br>judiciais cab\u00edveis.<\/p>\n\n\n\n<p><a href=\"https:\/\/www.confere.org.br\/wordpress\/wp-content\/uploads\/2021\/02\/RESOLUCAO-1172.pdf\" target=\"_blank\" rel=\"noreferrer noopener\">https:\/\/www.confere.org.br\/wordpress\/wp-content\/uploads\/2021\/02\/RESOLUCAO-1172.pdf<\/a><\/p>\n","protected":false},"excerpt":{"rendered":"<p>1.172, Resolu\u00e7\u00e3o, https:\/\/www.confere.org.br\/wordpress\/wp-content\/uploads\/2021\/02\/RESOLUCAO-1172.pdf<\/p>\n","protected":false},"author":3,"featured_media":0,"comment_status":"closed","ping_status":"closed","sticky":false,"template":"","format":"standard","meta":[],"categories":[52],"tags":[],"_links":{"self":[{"href":"https:\/\/www.confere.org.br\/wordpress\/wp-json\/wp\/v2\/posts\/4259"}],"collection":[{"href":"https:\/\/www.confere.org.br\/wordpress\/wp-json\/wp\/v2\/posts"}],"about":[{"href":"https:\/\/www.confere.org.br\/wordpress\/wp-json\/wp\/v2\/types\/post"}],"author":[{"embeddable":true,"href":"https:\/\/www.confere.org.br\/wordpress\/wp-json\/wp\/v2\/users\/3"}],"replies":[{"embeddable":true,"href":"https:\/\/www.confere.org.br\/wordpress\/wp-json\/wp\/v2\/comments?post=4259"}],"version-history":[{"count":2,"href":"https:\/\/www.confere.org.br\/wordpress\/wp-json\/wp\/v2\/posts\/4259\/revisions"}],"predecessor-version":[{"id":4261,"href":"https:\/\/www.confere.org.br\/wordpress\/wp-json\/wp\/v2\/posts\/4259\/revisions\/4261"}],"wp:attachment":[{"href":"https:\/\/www.confere.org.br\/wordpress\/wp-json\/wp\/v2\/media?parent=4259"}],"wp:term":[{"taxonomy":"category","embeddable":true,"href":"https:\/\/www.confere.org.br\/wordpress\/wp-json\/wp\/v2\/categories?post=4259"},{"taxonomy":"post_tag","embeddable":true,"href":"https:\/\/www.confere.org.br\/wordpress\/wp-json\/wp\/v2\/tags?post=4259"}],"curies":[{"name":"wp","href":"https:\/\/api.w.org\/{rel}","templated":true}]}}