{"id":4265,"date":"2021-02-10T11:26:53","date_gmt":"2021-02-10T13:26:53","guid":{"rendered":"https:\/\/www.confere.org.br\/wordpress\/?p=4265"},"modified":"2021-02-10T11:26:54","modified_gmt":"2021-02-10T13:26:54","slug":"pagamentos-com-cartoes-movimentam-r-2-trilhoes-em-2020-diz-abecs","status":"publish","type":"post","link":"https:\/\/www.confere.org.br\/wordpress\/pagamentos-com-cartoes-movimentam-r-2-trilhoes-em-2020-diz-abecs\/","title":{"rendered":"Pagamentos com cart\u00f5es movimentam R$ 2 trilh\u00f5es em 2020, diz Abecs"},"content":{"rendered":"\n<p>Os pagamentos feitos pelos brasileiros com cart\u00f5es de cr\u00e9dito, d\u00e9bito e pr\u00e9-pagos chegaram aos R$ 2 trilh\u00f5es em 2020, o que corresponde a um crescimento de 8,2% na compara\u00e7\u00e3o com o ano anterior, segundo balan\u00e7o divulgado&nbsp;hoje&nbsp;(9) pela Associa\u00e7\u00e3o Brasileira das Empresas de Cart\u00f5es de Cr\u00e9dito e Servi\u00e7os (Abecs).<img src=\"https:\/\/agenciabrasil.ebc.com.br\/ebc.png?id=1400958&amp;o=node\"><img src=\"https:\/\/agenciabrasil.ebc.com.br\/ebc.gif?id=1400958&amp;o=node\"><\/p>\n\n\n\n<p>Entre as modalidades de pagamento, o uso do cart\u00e3o de d\u00e9bito teve desempenho acima da m\u00e9dia em 2020, chegando a R$ 762,4 bilh\u00f5es, com crescimento de 14,8%. O cart\u00e3o de cr\u00e9dito registrou R$ 1,18 trilh\u00e3o em transa\u00e7\u00f5es, com alta de 2,6%. J\u00e1 o cart\u00e3o pr\u00e9-pago movimentou R$ 45,3 bilh\u00f5es e cresceu 107,4% no ano passado.<\/p>\n\n\n\n<p>Para a entidade, apesar da pandemia da covid-19 e de seus efeitos para o pa\u00eds, o resultado superou as expectativas de desempenho do setor, mostrando forte recupera\u00e7\u00e3o no segundo semestre.<\/p>\n\n\n\n<p>\u201cTivemos um ano at\u00edpico, como a maioria dos segmentos, mas conseguimos encerrar o per\u00edodo com alta de mais de 8%. Apesar dos desafios, o setor mostrou sua capacidade de inova\u00e7\u00e3o e inclus\u00e3o, ajudando consumidores e lojistas a viabilizarem suas transa\u00e7\u00f5es com a conveni\u00eancia e a seguran\u00e7a dos pagamentos digitais, via&nbsp;<em>e-commerce<\/em>, carteiras digitais, aplicativos, transa\u00e7\u00f5es sem contato, entre outras modalidades\u201d, analisou o presidente da Abecs, Pedro Coutinho.<\/p>\n\n\n\n<p>O balan\u00e7o mostrou que ao todo foram feitas 23,3 bilh\u00f5es de pagamentos com cart\u00f5es ao longo do ano, 3,6% a mais do que no ano anterior. Os gastos de brasileiros no exterior ca\u00edram 60% e registraram o menor resultado em 16 anos, de US$ 3,46 bilh\u00f5es (R$ 16,8 bilh\u00f5es). J\u00e1 as compras feitas por estrangeiros no Brasil ca\u00edram 48,3%, somando US$ 2,16 bilh\u00f5es (R$ 10,6 bilh\u00f5es).<\/p>\n\n\n\n<p>De acordo com os dados, com o a ades\u00e3o maior dos consumidores ao com\u00e9rcio&nbsp;<em>online<\/em>&nbsp;por causa da pandemia e do isolamento, houve aumento de 32,2% no ano, um movimento&nbsp;de R$ 435,6 bilh\u00f5es no uso dos cart\u00f5es na internet, em aplicativos e outros tipos de compras n\u00e3o presenciais.<\/p>\n\n\n\n<p>Os pagamentos por aproxima\u00e7\u00e3o, modalidade que permite o pagamento sem contato f\u00edsico com a m\u00e1quina de cart\u00e3o, aumentou 469,6% na compara\u00e7\u00e3o com 2019, atingindo R$ 41 bilh\u00f5es em transa\u00e7\u00f5es. O mais usado nessa fun\u00e7\u00e3o foi o cart\u00e3o de d\u00e9bito, com R$ 19,5 bilh\u00f5es, seguido pelo cart\u00e3o de cr\u00e9dito, com R$ 18,8 bilh\u00f5es, e pelo cart\u00e3o pr\u00e9-pago, com R$ 2,7 bilh\u00f5es.<\/p>\n\n\n\n<p><br><br>Fonte: <a href=\"https:\/\/agenciabrasil.ebc.com.br\/economia\/noticia\/2021-02\/pagamentos-com-cartoes-movimentam-r-2-trilhoes-em-2020-diz-abecs\" target=\"_blank\" rel=\"noreferrer noopener\">Ag\u00eancia Brasil<\/a><\/p>\n","protected":false},"excerpt":{"rendered":"<p>Crescimento foi de 8,2% na compara\u00e7\u00e3o com o ano anterior<\/p>\n","protected":false},"author":3,"featured_media":3516,"comment_status":"closed","ping_status":"closed","sticky":false,"template":"","format":"standard","meta":[],"categories":[2],"tags":[],"_links":{"self":[{"href":"https:\/\/www.confere.org.br\/wordpress\/wp-json\/wp\/v2\/posts\/4265"}],"collection":[{"href":"https:\/\/www.confere.org.br\/wordpress\/wp-json\/wp\/v2\/posts"}],"about":[{"href":"https:\/\/www.confere.org.br\/wordpress\/wp-json\/wp\/v2\/types\/post"}],"author":[{"embeddable":true,"href":"https:\/\/www.confere.org.br\/wordpress\/wp-json\/wp\/v2\/users\/3"}],"replies":[{"embeddable":true,"href":"https:\/\/www.confere.org.br\/wordpress\/wp-json\/wp\/v2\/comments?post=4265"}],"version-history":[{"count":1,"href":"https:\/\/www.confere.org.br\/wordpress\/wp-json\/wp\/v2\/posts\/4265\/revisions"}],"predecessor-version":[{"id":4266,"href":"https:\/\/www.confere.org.br\/wordpress\/wp-json\/wp\/v2\/posts\/4265\/revisions\/4266"}],"wp:featuredmedia":[{"embeddable":true,"href":"https:\/\/www.confere.org.br\/wordpress\/wp-json\/wp\/v2\/media\/3516"}],"wp:attachment":[{"href":"https:\/\/www.confere.org.br\/wordpress\/wp-json\/wp\/v2\/media?parent=4265"}],"wp:term":[{"taxonomy":"category","embeddable":true,"href":"https:\/\/www.confere.org.br\/wordpress\/wp-json\/wp\/v2\/categories?post=4265"},{"taxonomy":"post_tag","embeddable":true,"href":"https:\/\/www.confere.org.br\/wordpress\/wp-json\/wp\/v2\/tags?post=4265"}],"curies":[{"name":"wp","href":"https:\/\/api.w.org\/{rel}","templated":true}]}}