{"id":4268,"date":"2021-02-11T11:18:20","date_gmt":"2021-02-11T13:18:20","guid":{"rendered":"https:\/\/www.confere.org.br\/wordpress\/?p=4268"},"modified":"2021-02-11T11:19:10","modified_gmt":"2021-02-11T13:19:10","slug":"network-da-representacao-comercial","status":"publish","type":"post","link":"https:\/\/www.confere.org.br\/wordpress\/network-da-representacao-comercial\/","title":{"rendered":"NETWORK DA REPRESENTA\u00c7\u00c3O COMERCIAL"},"content":{"rendered":"\n<p>Pensando nisso, separamos alguns pontos importantes para voc\u00ea criar pontes e construir um bom network. Confira:<\/p>\n\n\n\n<p><br>\u2022 <strong>INTELIG\u00caNCIA EMOCIONAL<\/strong><\/p>\n\n\n\n<p>Estabelecer la\u00e7os m\u00fatuos depende de habilidades como resili\u00eancia, empatia, colabora\u00e7\u00e3o e comunica\u00e7\u00e3o.<\/p>\n\n\n\n<p><br>\u2022 <strong>TROCA<\/strong><\/p>\n\n\n\n<p>Lembre-se que \u00e9 importante demonstrar real interesse pelas pessoas. Ou seja, estabelecer uma troca, onde todos os envolvidos saem ganhando.<\/p>\n\n\n\n<p><br>\u2022 <strong>BOA IMPRESS\u00c3O<\/strong><\/p>\n\n\n\n<p>Conhecer pessoas que podem vir a agregar conhecimento, contato e oportunidades \u00e9 importante. Por isso voc\u00ea deve causar o mesmo impacto nas pessoas com as quais se relaciona.<\/p>\n\n\n\n<p><br>\u2022 <strong>BONS RELACIONAMENTOS<\/strong><\/p>\n\n\n\n<p>Escolha bem a sua rede de contatos, pois apenas bons relacionamentos geram bons frutos.<\/p>\n\n\n\n<p><br>\u2022 <strong>TECNOLOGIA AO SEU FAVOR<\/strong><\/p>\n\n\n\n<p>Lembre-se: a internet \u00e9 uma grande aliada para fazer novos contatos e tamb\u00e9m cultivar aqueles que j\u00e1 fazem parte da sua rede.<\/p>\n\n\n\n<p><br>Representante comercial, desenvolva suas habilidades de relacionamento interpessoal e colha os frutos de um bom network.<\/p>\n","protected":false},"excerpt":{"rendered":"<p>O network, ou rede de relacionamentos, \u00e9 essencial para que os representantes comerciais tenham acesso a uma s\u00e9rie de oportunidades. Isso acontece porque a troca de experi\u00eancias agrega conhecimento e possibilita uma vis\u00e3o ampla do mercado.<\/p>\n","protected":false},"author":3,"featured_media":4269,"comment_status":"closed","ping_status":"closed","sticky":false,"template":"","format":"standard","meta":[],"categories":[34,49],"tags":[],"_links":{"self":[{"href":"https:\/\/www.confere.org.br\/wordpress\/wp-json\/wp\/v2\/posts\/4268"}],"collection":[{"href":"https:\/\/www.confere.org.br\/wordpress\/wp-json\/wp\/v2\/posts"}],"about":[{"href":"https:\/\/www.confere.org.br\/wordpress\/wp-json\/wp\/v2\/types\/post"}],"author":[{"embeddable":true,"href":"https:\/\/www.confere.org.br\/wordpress\/wp-json\/wp\/v2\/users\/3"}],"replies":[{"embeddable":true,"href":"https:\/\/www.confere.org.br\/wordpress\/wp-json\/wp\/v2\/comments?post=4268"}],"version-history":[{"count":2,"href":"https:\/\/www.confere.org.br\/wordpress\/wp-json\/wp\/v2\/posts\/4268\/revisions"}],"predecessor-version":[{"id":4271,"href":"https:\/\/www.confere.org.br\/wordpress\/wp-json\/wp\/v2\/posts\/4268\/revisions\/4271"}],"wp:featuredmedia":[{"embeddable":true,"href":"https:\/\/www.confere.org.br\/wordpress\/wp-json\/wp\/v2\/media\/4269"}],"wp:attachment":[{"href":"https:\/\/www.confere.org.br\/wordpress\/wp-json\/wp\/v2\/media?parent=4268"}],"wp:term":[{"taxonomy":"category","embeddable":true,"href":"https:\/\/www.confere.org.br\/wordpress\/wp-json\/wp\/v2\/categories?post=4268"},{"taxonomy":"post_tag","embeddable":true,"href":"https:\/\/www.confere.org.br\/wordpress\/wp-json\/wp\/v2\/tags?post=4268"}],"curies":[{"name":"wp","href":"https:\/\/api.w.org\/{rel}","templated":true}]}}