{"id":4279,"date":"2021-02-12T10:35:52","date_gmt":"2021-02-12T12:35:52","guid":{"rendered":"https:\/\/www.confere.org.br\/wordpress\/?p=4279"},"modified":"2021-02-12T10:43:23","modified_gmt":"2021-02-12T12:43:23","slug":"estamos-em-festa","status":"publish","type":"post","link":"https:\/\/www.confere.org.br\/wordpress\/estamos-em-festa\/","title":{"rendered":"ESTAMOS EM FESTA!"},"content":{"rendered":"\n<p>Core-AL; Core-AM; Core-BA; Core-CE; Core-ES; Core-MA; Core-PA; Core-PE; Core-PI; Core-PR; Core-RJ; Core-RN; Core-RS; Core-<br>SC; Core-SE\u00a0e\u00a0Core-SP.\u00a0<br><\/p>\n\n\n\n<figure class=\"wp-block-video\"><video controls src=\"https:\/\/www.confere.org.br\/wordpress\/wp-content\/uploads\/2021\/02\/Post-209_Low-1.mp4\"><\/video><\/figure>\n\n\n\n<p><br>Os motivos para comemorar s\u00e3o muitos! Cada Core funciona como a CASA DO REPRESENTANTE COMERCIAL, pois exerce um papel fundamental na legitima\u00e7\u00e3o e na\u00a0garantia dos direitos de profissionais que\u00a0representam\u00a0avan\u00e7os nos mais diversos setores da ind\u00fastria, mant\u00e9m a economia brasileira aquecida e incentivam\u00a0o setor de tecnologia e inova\u00e7\u00e3o.\u00a0<\/p>\n\n\n\n<p><br>Celebre com a gente, voc\u00ea faz parte dessa hist\u00f3ria! Acompanhe as nossas pr\u00f3ximas publica\u00e7\u00f5es e clique no link abaixo para acessar o nosso e-book comemorativo com dicas profissionais e tend\u00eancias do mercado.<\/p>\n\n\n\n<p><br>Acesse aqui: <br><a rel=\"noreferrer noopener\" href=\"https:\/\/www.confere.org.br\/wordpress\/wp-content\/uploads\/2020\/12\/55anos_E-book-TT.pdf\" target=\"_blank\">E-book comemorativo dos 55 anos da Regulamenta\u00e7\u00e3o da Representa\u00e7\u00e3o Comercial<\/a><\/p>\n","protected":false},"excerpt":{"rendered":"<p>Diversos Cores espalhados pelos estados brasileiros est\u00e3o completando 55 anos de funda\u00e7\u00e3o e merecem os nossos parab\u00e9ns:<\/p>\n","protected":false},"author":3,"featured_media":4283,"comment_status":"closed","ping_status":"closed","sticky":false,"template":"","format":"standard","meta":[],"categories":[34,49],"tags":[],"_links":{"self":[{"href":"https:\/\/www.confere.org.br\/wordpress\/wp-json\/wp\/v2\/posts\/4279"}],"collection":[{"href":"https:\/\/www.confere.org.br\/wordpress\/wp-json\/wp\/v2\/posts"}],"about":[{"href":"https:\/\/www.confere.org.br\/wordpress\/wp-json\/wp\/v2\/types\/post"}],"author":[{"embeddable":true,"href":"https:\/\/www.confere.org.br\/wordpress\/wp-json\/wp\/v2\/users\/3"}],"replies":[{"embeddable":true,"href":"https:\/\/www.confere.org.br\/wordpress\/wp-json\/wp\/v2\/comments?post=4279"}],"version-history":[{"count":2,"href":"https:\/\/www.confere.org.br\/wordpress\/wp-json\/wp\/v2\/posts\/4279\/revisions"}],"predecessor-version":[{"id":4285,"href":"https:\/\/www.confere.org.br\/wordpress\/wp-json\/wp\/v2\/posts\/4279\/revisions\/4285"}],"wp:featuredmedia":[{"embeddable":true,"href":"https:\/\/www.confere.org.br\/wordpress\/wp-json\/wp\/v2\/media\/4283"}],"wp:attachment":[{"href":"https:\/\/www.confere.org.br\/wordpress\/wp-json\/wp\/v2\/media?parent=4279"}],"wp:term":[{"taxonomy":"category","embeddable":true,"href":"https:\/\/www.confere.org.br\/wordpress\/wp-json\/wp\/v2\/categories?post=4279"},{"taxonomy":"post_tag","embeddable":true,"href":"https:\/\/www.confere.org.br\/wordpress\/wp-json\/wp\/v2\/tags?post=4279"}],"curies":[{"name":"wp","href":"https:\/\/api.w.org\/{rel}","templated":true}]}}