{"id":4286,"date":"2021-02-16T13:05:02","date_gmt":"2021-02-16T15:05:02","guid":{"rendered":"https:\/\/www.confere.org.br\/wordpress\/?p=4286"},"modified":"2021-02-16T13:08:05","modified_gmt":"2021-02-16T15:08:05","slug":"nota-de-falecimento-3","status":"publish","type":"post","link":"https:\/\/www.confere.org.br\/wordpress\/nota-de-falecimento-3\/","title":{"rendered":"NOTA DE FALECIMENTO"},"content":{"rendered":"\n<figure class=\"wp-block-image size-large\"><img width=\"900\" height=\"675\" src=\"https:\/\/www.confere.org.br\/wordpress\/wp-content\/uploads\/2021\/02\/JOSE-ZEFERINO.jpg\" alt=\"\" class=\"wp-image-4287\" srcset=\"https:\/\/www.confere.org.br\/wordpress\/wp-content\/uploads\/2021\/02\/JOSE-ZEFERINO.jpg 900w, https:\/\/www.confere.org.br\/wordpress\/wp-content\/uploads\/2021\/02\/JOSE-ZEFERINO-300x225.jpg 300w, https:\/\/www.confere.org.br\/wordpress\/wp-content\/uploads\/2021\/02\/JOSE-ZEFERINO-768x576.jpg 768w\" sizes=\"(max-width: 900px) 100vw, 900px\" \/><\/figure>\n\n\n\n<p><br><br>O Conselho Federal dos Representantes Comerciais, em nome do Sistema Confere\/Cores, com pesar, comunica o falecimento do senhor Jos\u00e9 Zeferino Ventura Neto, diretor-secret\u00e1rio do Core-PB e Sinrecom-PB, ocorrido hoje, dia 16 de fevereiro de 2021. Ventura prestou relevantes servi\u00e7os em prol dos interesses da categoria dos representantes comerciais do Estado da Para\u00edba, dignificando a profiss\u00e3o.<\/p>\n\n\n\n<p><br><br>Manoel Affonso Mendes<br>Presidente do Confere<\/p>\n","protected":false},"excerpt":{"rendered":"<p>Falecimento do diretor-secret\u00e1rio do Core-PB e Sinrecom-PB<\/p>\n","protected":false},"author":3,"featured_media":4288,"comment_status":"closed","ping_status":"closed","sticky":false,"template":"","format":"standard","meta":[],"categories":[34,49],"tags":[],"_links":{"self":[{"href":"https:\/\/www.confere.org.br\/wordpress\/wp-json\/wp\/v2\/posts\/4286"}],"collection":[{"href":"https:\/\/www.confere.org.br\/wordpress\/wp-json\/wp\/v2\/posts"}],"about":[{"href":"https:\/\/www.confere.org.br\/wordpress\/wp-json\/wp\/v2\/types\/post"}],"author":[{"embeddable":true,"href":"https:\/\/www.confere.org.br\/wordpress\/wp-json\/wp\/v2\/users\/3"}],"replies":[{"embeddable":true,"href":"https:\/\/www.confere.org.br\/wordpress\/wp-json\/wp\/v2\/comments?post=4286"}],"version-history":[{"count":2,"href":"https:\/\/www.confere.org.br\/wordpress\/wp-json\/wp\/v2\/posts\/4286\/revisions"}],"predecessor-version":[{"id":4290,"href":"https:\/\/www.confere.org.br\/wordpress\/wp-json\/wp\/v2\/posts\/4286\/revisions\/4290"}],"wp:featuredmedia":[{"embeddable":true,"href":"https:\/\/www.confere.org.br\/wordpress\/wp-json\/wp\/v2\/media\/4288"}],"wp:attachment":[{"href":"https:\/\/www.confere.org.br\/wordpress\/wp-json\/wp\/v2\/media?parent=4286"}],"wp:term":[{"taxonomy":"category","embeddable":true,"href":"https:\/\/www.confere.org.br\/wordpress\/wp-json\/wp\/v2\/categories?post=4286"},{"taxonomy":"post_tag","embeddable":true,"href":"https:\/\/www.confere.org.br\/wordpress\/wp-json\/wp\/v2\/tags?post=4286"}],"curies":[{"name":"wp","href":"https:\/\/api.w.org\/{rel}","templated":true}]}}