{"id":4291,"date":"2021-02-22T09:12:43","date_gmt":"2021-02-22T12:12:43","guid":{"rendered":"https:\/\/www.confere.org.br\/wordpress\/?p=4291"},"modified":"2021-02-22T09:17:21","modified_gmt":"2021-02-22T12:17:21","slug":"6-cores-completaram-55-anos","status":"publish","type":"post","link":"https:\/\/www.confere.org.br\/wordpress\/6-cores-completaram-55-anos\/","title":{"rendered":"6 CORES COMPLETARAM 55 ANOS"},"content":{"rendered":"\n<p>Parab\u00e9ns aos Cores que completaram 55 anos de atua\u00e7\u00e3o em dezembro de 2020 e janeiro de 2021:<br><\/p>\n\n\n\n<figure class=\"wp-block-video\"><video controls src=\"https:\/\/www.confere.org.br\/wordpress\/wp-content\/uploads\/2021\/02\/POST-210-web.mp4\"><\/video><figcaption><br><\/figcaption><\/figure>\n\n\n\n<p>\u2022&nbsp;&nbsp;&nbsp;&nbsp;&nbsp;&nbsp;&nbsp;&nbsp;&nbsp; Core-RJ \u2013 20 de dezembro de 1965;<\/p>\n\n\n\n<p>\u2022&nbsp;&nbsp;&nbsp;&nbsp;&nbsp;&nbsp;&nbsp;&nbsp;&nbsp; Core-SP \u2013 23 de dezembro de 1965;<\/p>\n\n\n\n<p>\u2022&nbsp;&nbsp;&nbsp;&nbsp;&nbsp;&nbsp;&nbsp;&nbsp;&nbsp; Core-BA \u2013 12 de janeiro de 1966;<\/p>\n\n\n\n<p>\u2022&nbsp;&nbsp;&nbsp;&nbsp;&nbsp;&nbsp;&nbsp;&nbsp;&nbsp; Core-SC \u2013 25 de janeiro de 1966;<\/p>\n\n\n\n<p>\u2022&nbsp;&nbsp;&nbsp;&nbsp;&nbsp;&nbsp;&nbsp;&nbsp;&nbsp; Core-RN \u2013 28 de janeiro de 1966;<\/p>\n\n\n\n<p>\u2022\u00a0\u00a0\u00a0\u00a0\u00a0\u00a0\u00a0\u00a0\u00a0 Core-SE \u2013 31 de janeiro de 1966.<\/p>\n\n\n\n<p><\/p>\n\n\n\n<p><br>A trajet\u00f3ria e a luta da nossa classe ganha mais for\u00e7a e unidade com o desempenho de cada Core que, h\u00e1 55 anos, funciona como a casa do representante comercial.<\/p>\n\n\n\n<p><\/p>\n\n\n\n<p><br>Celebre com a gente, voc\u00ea tamb\u00e9m faz parte dessa hist\u00f3ria! Acompanhe as nossas pr\u00f3ximas publica\u00e7\u00f5es em nossas redes sociais, e para baixar o nosso e-book comemorativo com dicas profissionais e tend\u00eancias do mercado, clique no link abaixo.<\/p>\n\n\n\n<p><br><a rel=\"noreferrer noopener\" href=\"https:\/\/www.confere.org.br\/wordpress\/wp-content\/uploads\/2020\/12\/55anos_E-book-TT.pdf\" target=\"_blank\"><a rel=\"noreferrer noopener\" href=\"https:\/\/www.confere.org.br\/wordpress\/wp-content\/uploads\/2020\/12\/55anos_E-book-TT.pdf\" target=\"_blank\">E-book comemorativo dos 55 anos da Regulamenta\u00e7\u00e3o da Representa\u00e7\u00e3o Comercial<\/a><\/a><\/p>\n","protected":false},"excerpt":{"rendered":"<p>E todo mundo ganha presente<\/p>\n","protected":false},"author":3,"featured_media":4292,"comment_status":"closed","ping_status":"closed","sticky":false,"template":"","format":"standard","meta":[],"categories":[34,49],"tags":[],"_links":{"self":[{"href":"https:\/\/www.confere.org.br\/wordpress\/wp-json\/wp\/v2\/posts\/4291"}],"collection":[{"href":"https:\/\/www.confere.org.br\/wordpress\/wp-json\/wp\/v2\/posts"}],"about":[{"href":"https:\/\/www.confere.org.br\/wordpress\/wp-json\/wp\/v2\/types\/post"}],"author":[{"embeddable":true,"href":"https:\/\/www.confere.org.br\/wordpress\/wp-json\/wp\/v2\/users\/3"}],"replies":[{"embeddable":true,"href":"https:\/\/www.confere.org.br\/wordpress\/wp-json\/wp\/v2\/comments?post=4291"}],"version-history":[{"count":5,"href":"https:\/\/www.confere.org.br\/wordpress\/wp-json\/wp\/v2\/posts\/4291\/revisions"}],"predecessor-version":[{"id":4298,"href":"https:\/\/www.confere.org.br\/wordpress\/wp-json\/wp\/v2\/posts\/4291\/revisions\/4298"}],"wp:featuredmedia":[{"embeddable":true,"href":"https:\/\/www.confere.org.br\/wordpress\/wp-json\/wp\/v2\/media\/4292"}],"wp:attachment":[{"href":"https:\/\/www.confere.org.br\/wordpress\/wp-json\/wp\/v2\/media?parent=4291"}],"wp:term":[{"taxonomy":"category","embeddable":true,"href":"https:\/\/www.confere.org.br\/wordpress\/wp-json\/wp\/v2\/categories?post=4291"},{"taxonomy":"post_tag","embeddable":true,"href":"https:\/\/www.confere.org.br\/wordpress\/wp-json\/wp\/v2\/tags?post=4291"}],"curies":[{"name":"wp","href":"https:\/\/api.w.org\/{rel}","templated":true}]}}