{"id":4300,"date":"2021-02-22T09:26:13","date_gmt":"2021-02-22T12:26:13","guid":{"rendered":"https:\/\/www.confere.org.br\/wordpress\/?p=4300"},"modified":"2021-02-22T09:26:53","modified_gmt":"2021-02-22T12:26:53","slug":"as-comemoracoes-pelo-brasil-nao-param","status":"publish","type":"post","link":"https:\/\/www.confere.org.br\/wordpress\/as-comemoracoes-pelo-brasil-nao-param\/","title":{"rendered":"AS COMEMORA\u00c7\u00d5ES PELO BRASIL N\u00c3O PARAM!"},"content":{"rendered":"\n<p> <br><\/p>\n\n\n\n<p>\u2022&nbsp;&nbsp;&nbsp;&nbsp;&nbsp;&nbsp;&nbsp;&nbsp;&nbsp;&nbsp;&nbsp;&nbsp; Core-PI \u2013 6 de fevereiro de 1966;<\/p>\n\n\n\n<p>\u2022&nbsp;&nbsp;&nbsp;&nbsp;&nbsp;&nbsp;&nbsp;&nbsp;&nbsp;&nbsp;&nbsp;&nbsp; Core-MA \u2013 7 de fevereiro de 1966;<\/p>\n\n\n\n<p>\u2022&nbsp;&nbsp;&nbsp;&nbsp;&nbsp;&nbsp;&nbsp;&nbsp;&nbsp;&nbsp;&nbsp;&nbsp; Core-PA \u2013 7 de fevereiro de 1966;<\/p>\n\n\n\n<p>\u2022&nbsp;&nbsp;&nbsp;&nbsp;&nbsp;&nbsp;&nbsp;&nbsp;&nbsp;&nbsp;&nbsp;&nbsp; Core-PE \u2013 7 de fevereiro de 1966;<\/p>\n\n\n\n<p>\u2022&nbsp;&nbsp;&nbsp;&nbsp;&nbsp;&nbsp;&nbsp;&nbsp;&nbsp;&nbsp;&nbsp;&nbsp; Core-RS \u2013 7 de fevereiro de 1966;<\/p>\n\n\n\n<p>\u2022&nbsp;&nbsp;&nbsp;&nbsp;&nbsp;&nbsp;&nbsp;&nbsp;&nbsp;&nbsp;&nbsp;&nbsp; Core-CE \u2013 8 de fevereiro de 1966;<\/p>\n\n\n\n<p>\u2022&nbsp;&nbsp;&nbsp;&nbsp;&nbsp;&nbsp;&nbsp;&nbsp;&nbsp;&nbsp;&nbsp;&nbsp; Core-ES \u2013 8 de fevereiro de 1966;<\/p>\n\n\n\n<p>\u2022&nbsp;&nbsp;&nbsp;&nbsp;&nbsp;&nbsp;&nbsp;&nbsp;&nbsp;&nbsp;&nbsp;&nbsp; Core-PR \u2013 8 de fevereiro de 1966;<\/p>\n\n\n\n<p>\u2022&nbsp;&nbsp;&nbsp;&nbsp;&nbsp;&nbsp;&nbsp;&nbsp;&nbsp;&nbsp;&nbsp;&nbsp; Core-AM \u2013 12 de mar\u00e7o de 1966;<\/p>\n\n\n\n<p>\u2022\u00a0\u00a0\u00a0\u00a0\u00a0\u00a0\u00a0\u00a0\u00a0\u00a0\u00a0\u00a0 Core-AL \u2013 31 de mar\u00e7o de 1966.<br><br><\/p>\n\n\n\n<figure class=\"wp-block-video\"><video controls src=\"https:\/\/www.confere.org.br\/wordpress\/wp-content\/uploads\/2021\/02\/POST-211-high-1.mp4\"><\/video><\/figure>\n\n\n\n<p><br>\u00c9 com muito orgulho que homenageamos os Cores que, h\u00e1 55 anos, legitimam a nossa profiss\u00e3o e funcionam como a casa do representante comercial!<br><\/p>\n\n\n\n<p>Celebre com a gente, voc\u00ea tamb\u00e9m faz parte dessa hist\u00f3ria! Acompanhe as nossas pr\u00f3ximas publica\u00e7\u00f5es em nossas redes sociais, e para baixar o nosso e-book comemorativo com dicas profissionais e tend\u00eancias do mercado, clique no link abaixo.<\/p>\n\n\n\n<p><br><a rel=\"noreferrer noopener\" href=\"https:\/\/www.confere.org.br\/wordpress\/wp-content\/uploads\/2020\/12\/55anos_E-book-TT.pdf\" target=\"_blank\">E-book comemorativo dos 55 anos da Regulamenta\u00e7\u00e3o da Representa\u00e7\u00e3o Comercial<\/a><\/p>\n","protected":false},"excerpt":{"rendered":"<p>Diversos Cores espalhados pelo Brasil completam 55 anos de atua\u00e7\u00e3o em fevereiro e mar\u00e7o de 2021:<\/p>\n","protected":false},"author":3,"featured_media":4302,"comment_status":"closed","ping_status":"closed","sticky":false,"template":"","format":"standard","meta":[],"categories":[34,49],"tags":[],"_links":{"self":[{"href":"https:\/\/www.confere.org.br\/wordpress\/wp-json\/wp\/v2\/posts\/4300"}],"collection":[{"href":"https:\/\/www.confere.org.br\/wordpress\/wp-json\/wp\/v2\/posts"}],"about":[{"href":"https:\/\/www.confere.org.br\/wordpress\/wp-json\/wp\/v2\/types\/post"}],"author":[{"embeddable":true,"href":"https:\/\/www.confere.org.br\/wordpress\/wp-json\/wp\/v2\/users\/3"}],"replies":[{"embeddable":true,"href":"https:\/\/www.confere.org.br\/wordpress\/wp-json\/wp\/v2\/comments?post=4300"}],"version-history":[{"count":2,"href":"https:\/\/www.confere.org.br\/wordpress\/wp-json\/wp\/v2\/posts\/4300\/revisions"}],"predecessor-version":[{"id":4304,"href":"https:\/\/www.confere.org.br\/wordpress\/wp-json\/wp\/v2\/posts\/4300\/revisions\/4304"}],"wp:featuredmedia":[{"embeddable":true,"href":"https:\/\/www.confere.org.br\/wordpress\/wp-json\/wp\/v2\/media\/4302"}],"wp:attachment":[{"href":"https:\/\/www.confere.org.br\/wordpress\/wp-json\/wp\/v2\/media?parent=4300"}],"wp:term":[{"taxonomy":"category","embeddable":true,"href":"https:\/\/www.confere.org.br\/wordpress\/wp-json\/wp\/v2\/categories?post=4300"},{"taxonomy":"post_tag","embeddable":true,"href":"https:\/\/www.confere.org.br\/wordpress\/wp-json\/wp\/v2\/tags?post=4300"}],"curies":[{"name":"wp","href":"https:\/\/api.w.org\/{rel}","templated":true}]}}