{"id":4313,"date":"2021-02-22T10:56:42","date_gmt":"2021-02-22T13:56:42","guid":{"rendered":"https:\/\/www.confere.org.br\/wordpress\/?p=4313"},"modified":"2021-02-22T11:45:20","modified_gmt":"2021-02-22T14:45:20","slug":"pesquisa-de-satisfacao","status":"publish","type":"post","link":"https:\/\/www.confere.org.br\/wordpress\/pesquisa-de-satisfacao\/","title":{"rendered":"PESQUISA DE SATISFA\u00c7\u00c3O"},"content":{"rendered":"\n<p>Representante Comercial, seu comprador \u00e9 o melhor term\u00f4metro para saber se voc\u00ea na pr\u00e1tica est\u00e1 agindo corretamente.<\/p>\n\n\n\n<p><br>E ele ainda ajuda voc\u00ea a vender mais. Basta perguntar!<\/p>\n\n\n\n<p><br>Uma pesquisa pontual sobre a satisfa\u00e7\u00e3o, a ser respondida de 0 a 10, pode mudar completamente o seu modus operandi de vendas \u2013 para melhor! <\/p>\n\n\n\n<p><br>Baixe j\u00e1 o nosso e-book! Um material produzido pelo Confere para te apoiar na pr\u00e1tica.<\/p>\n\n\n\n<p><br><a rel=\"noreferrer noopener\" href=\"https:\/\/www.confere.org.br\/wordpress\/wp-content\/uploads\/2021\/02\/E-book-Modelo-de-pesquisa-de-satisfacao-do-cliente-TT-1.pdf\" target=\"_blank\">E-book Modelo de pesquisa de satisfa\u00e7\u00e3o do cliente<\/a><\/p>\n","protected":false},"excerpt":{"rendered":"<p>Confira nossa dicas<\/p>\n","protected":false},"author":3,"featured_media":4307,"comment_status":"closed","ping_status":"closed","sticky":false,"template":"","format":"standard","meta":[],"categories":[34,49],"tags":[],"_links":{"self":[{"href":"https:\/\/www.confere.org.br\/wordpress\/wp-json\/wp\/v2\/posts\/4313"}],"collection":[{"href":"https:\/\/www.confere.org.br\/wordpress\/wp-json\/wp\/v2\/posts"}],"about":[{"href":"https:\/\/www.confere.org.br\/wordpress\/wp-json\/wp\/v2\/types\/post"}],"author":[{"embeddable":true,"href":"https:\/\/www.confere.org.br\/wordpress\/wp-json\/wp\/v2\/users\/3"}],"replies":[{"embeddable":true,"href":"https:\/\/www.confere.org.br\/wordpress\/wp-json\/wp\/v2\/comments?post=4313"}],"version-history":[{"count":4,"href":"https:\/\/www.confere.org.br\/wordpress\/wp-json\/wp\/v2\/posts\/4313\/revisions"}],"predecessor-version":[{"id":4317,"href":"https:\/\/www.confere.org.br\/wordpress\/wp-json\/wp\/v2\/posts\/4313\/revisions\/4317"}],"wp:featuredmedia":[{"embeddable":true,"href":"https:\/\/www.confere.org.br\/wordpress\/wp-json\/wp\/v2\/media\/4307"}],"wp:attachment":[{"href":"https:\/\/www.confere.org.br\/wordpress\/wp-json\/wp\/v2\/media?parent=4313"}],"wp:term":[{"taxonomy":"category","embeddable":true,"href":"https:\/\/www.confere.org.br\/wordpress\/wp-json\/wp\/v2\/categories?post=4313"},{"taxonomy":"post_tag","embeddable":true,"href":"https:\/\/www.confere.org.br\/wordpress\/wp-json\/wp\/v2\/tags?post=4313"}],"curies":[{"name":"wp","href":"https:\/\/api.w.org\/{rel}","templated":true}]}}