{"id":4335,"date":"2021-02-24T09:31:31","date_gmt":"2021-02-24T12:31:31","guid":{"rendered":"https:\/\/www.confere.org.br\/wordpress\/?p=4335"},"modified":"2021-02-24T09:31:32","modified_gmt":"2021-02-24T12:31:32","slug":"confianca-do-consumidor-sobe-em-fevereiro-diz-fgv","status":"publish","type":"post","link":"https:\/\/www.confere.org.br\/wordpress\/confianca-do-consumidor-sobe-em-fevereiro-diz-fgv\/","title":{"rendered":"Confian\u00e7a do consumidor sobe em fevereiro, diz FGV"},"content":{"rendered":"\n<p>O \u00cdndice de Confian\u00e7a do Consumidor, medido pela Funda\u00e7\u00e3o Getulio Vargas (FGV), cresceu 2,2 pontos na passagem de janeiro para fevereiro deste ano. Com essa alta, que foi a primeira depois de quatro perdas consecutivas, o indicador chegou a 78 pontos, em uma escala e zero a 200 pontos.<img src=\"https:\/\/agenciabrasil.ebc.com.br\/ebc.png?id=1402152&amp;o=node\"><img src=\"https:\/\/agenciabrasil.ebc.com.br\/ebc.gif?id=1402152&amp;o=node\"><\/p>\n\n\n\n<p>Segundo a pesquisadora da FGV Viviane Seda Bittencourt, a melhoria da confian\u00e7a em fevereiro pode estar vinculada ao in\u00edcio da campanha de vacina\u00e7\u00e3o contra a covid-19 e a possibilidade de pagamento de novas parcelas do aux\u00edlio emergencial.<\/p>\n\n\n\n<p>\u201cOs n\u00edveis de confian\u00e7a, no entanto, continuam baixos e a sustenta\u00e7\u00e3o de uma tend\u00eancia de alta depender\u00e1 de fatores como a velocidade da vacina\u00e7\u00e3o, da evolu\u00e7\u00e3o dos n\u00fameros da pandemia no Brasil e, principalmente, da recupera\u00e7\u00e3o do mercado de trabalho, algo dif\u00edcil no primeiro semestre de 2021, considerando-se a grande dificuldade que ser\u00e1 novamente enfrentada pelas empresas do setor de servi\u00e7os, segmento que mais emprega no pa\u00eds\u201d.<\/p>\n\n\n\n<p>A alta da confian\u00e7a do consumidor foi puxada pelo \u00cdndice de Expectativas, que mede o otimismo em rela\u00e7\u00e3o ao futuro e que subiu 2,7 pontos, para 84,8 pontos.<\/p>\n\n\n\n<p>O \u00cdndice de Situa\u00e7\u00e3o Atual, que mede a confian\u00e7a no presente, aumentou 1,4 ponto e chegou a 69,5 pontos.<\/p>\n\n\n\n<p><br><br>Fonte: <a rel=\"noreferrer noopener\" href=\"https:\/\/agenciabrasil.ebc.com.br\/economia\/noticia\/2021-02\/confianca-do-consumidor-sobe-em-fevereiro-diz-fgv\" target=\"_blank\">Ag\u00eancia Brasil<\/a><\/p>\n","protected":false},"excerpt":{"rendered":"<p>O indicador chegou a 78 pontos, em uma escala e zero a 200 pontos<\/p>\n","protected":false},"author":3,"featured_media":3657,"comment_status":"closed","ping_status":"closed","sticky":false,"template":"","format":"standard","meta":[],"categories":[2],"tags":[],"_links":{"self":[{"href":"https:\/\/www.confere.org.br\/wordpress\/wp-json\/wp\/v2\/posts\/4335"}],"collection":[{"href":"https:\/\/www.confere.org.br\/wordpress\/wp-json\/wp\/v2\/posts"}],"about":[{"href":"https:\/\/www.confere.org.br\/wordpress\/wp-json\/wp\/v2\/types\/post"}],"author":[{"embeddable":true,"href":"https:\/\/www.confere.org.br\/wordpress\/wp-json\/wp\/v2\/users\/3"}],"replies":[{"embeddable":true,"href":"https:\/\/www.confere.org.br\/wordpress\/wp-json\/wp\/v2\/comments?post=4335"}],"version-history":[{"count":1,"href":"https:\/\/www.confere.org.br\/wordpress\/wp-json\/wp\/v2\/posts\/4335\/revisions"}],"predecessor-version":[{"id":4336,"href":"https:\/\/www.confere.org.br\/wordpress\/wp-json\/wp\/v2\/posts\/4335\/revisions\/4336"}],"wp:featuredmedia":[{"embeddable":true,"href":"https:\/\/www.confere.org.br\/wordpress\/wp-json\/wp\/v2\/media\/3657"}],"wp:attachment":[{"href":"https:\/\/www.confere.org.br\/wordpress\/wp-json\/wp\/v2\/media?parent=4335"}],"wp:term":[{"taxonomy":"category","embeddable":true,"href":"https:\/\/www.confere.org.br\/wordpress\/wp-json\/wp\/v2\/categories?post=4335"},{"taxonomy":"post_tag","embeddable":true,"href":"https:\/\/www.confere.org.br\/wordpress\/wp-json\/wp\/v2\/tags?post=4335"}],"curies":[{"name":"wp","href":"https:\/\/api.w.org\/{rel}","templated":true}]}}