{"id":4398,"date":"2021-02-26T14:43:47","date_gmt":"2021-02-26T17:43:47","guid":{"rendered":"https:\/\/www.confere.org.br\/wordpress\/?p=4398"},"modified":"2021-02-26T14:43:48","modified_gmt":"2021-02-26T17:43:48","slug":"clima-economico-melhora-no-brasil-no-primeiro-trimestre-diz-fgv","status":"publish","type":"post","link":"https:\/\/www.confere.org.br\/wordpress\/clima-economico-melhora-no-brasil-no-primeiro-trimestre-diz-fgv\/","title":{"rendered":"Clima econ\u00f4mico melhora no Brasil no primeiro trimestre, diz FGV"},"content":{"rendered":"\n<p>O Indicador de Clima Econ\u00f4mico do Brasil subiu 5,1 pontos do \u00faltimo trimestre de 2020 para o primeiro trimestre deste ano e chegou a 72,3 pontos, em uma escala de zero a 200 pontos. O dado, que reflete a opini\u00e3o de especialistas em economia do pa\u00eds, foi divulgado hoje (26) pela Funda\u00e7\u00e3o Getulio Vargas (FGV).<img src=\"https:\/\/agenciabrasil.ebc.com.br\/ebc.png?id=1402424&amp;o=node\"><img src=\"https:\/\/agenciabrasil.ebc.com.br\/ebc.gif?id=1402424&amp;o=node\"><\/p>\n\n\n\n<p>No primeiro trimestre deste ano, o clima econ\u00f4mico chegou ao maior patamar desde o primeiro trimestre de 2020 (98 pontos), mas ainda est\u00e1 abaixo da m\u00e9dia dos \u00faltimos dez anos (77,8 pontos).<\/p>\n\n\n\n<p>A alta foi puxada pelo Indicador da Situa\u00e7\u00e3o Atual, que subiu 11,7 pontos do \u00faltimo trimestre de 2020 para o primeiro trimestre deste ano. Apesar disso, a avalia\u00e7\u00e3o sobre o momento presente continua em patamar baixo, de 25 pontos.<\/p>\n\n\n\n<p>O Indicador de Expectativas por sua vez, apesar de estar em um patamar mais elevado (137,5 pontos), recuou 9,2 pontos no primeiro trimestre deste ano, na compara\u00e7\u00e3o com o trimestre anterior.<\/p>\n\n\n\n<p>Na Am\u00e9rica Latina, o clima econ\u00f4mico teve uma melhora mais acentuada que no Brasil: de 9,8 pontos. Apesar disso, o desempenho da regi\u00e3o est\u00e1 abaixo do brasileiro (70,5 pontos).<\/p>\n\n\n\n<p>Entre os dez pa\u00edses da regi\u00e3o mostrados na pesquisa, o Brasil aparece em terceiro lugar, atr\u00e1s de Paraguai (122,2 pontos) e Chile (95,8 pontos).<\/p>\n\n\n\n<p><\/p>\n\n\n\n<h4><br><strong>PIB<\/strong><\/h4>\n\n\n\n<p>A maioria dos especialistas (66,7% dos entrevistados) revisou para baixo sua proje\u00e7\u00e3o para 2021 do Produto Interno Bruto (PIB), que \u00e9 a soma de todos os bens e servi\u00e7os produzidos do Brasil, em rela\u00e7\u00e3o ao trimestre anterior. Segundo os especialistas, o PIB brasileiro deve fechar o ano com crescimento de 3,1%.<\/p>\n\n\n\n<p><br>Fonte: <a rel=\"noreferrer noopener\" href=\"https:\/\/agenciabrasil.ebc.com.br\/economia\/noticia\/2021-02\/clima-economico-melhora-no-brasil-no-primeiro-trimestre-diz-fgv\" target=\"_blank\">Ag\u00eancia Brasil<\/a><\/p>\n","protected":false},"excerpt":{"rendered":"<p>\u00cdndice chegou a 72,3 pontos, em uma escala de zero a 200 pontos<\/p>\n","protected":false},"author":3,"featured_media":2139,"comment_status":"closed","ping_status":"closed","sticky":false,"template":"","format":"standard","meta":[],"categories":[2],"tags":[],"_links":{"self":[{"href":"https:\/\/www.confere.org.br\/wordpress\/wp-json\/wp\/v2\/posts\/4398"}],"collection":[{"href":"https:\/\/www.confere.org.br\/wordpress\/wp-json\/wp\/v2\/posts"}],"about":[{"href":"https:\/\/www.confere.org.br\/wordpress\/wp-json\/wp\/v2\/types\/post"}],"author":[{"embeddable":true,"href":"https:\/\/www.confere.org.br\/wordpress\/wp-json\/wp\/v2\/users\/3"}],"replies":[{"embeddable":true,"href":"https:\/\/www.confere.org.br\/wordpress\/wp-json\/wp\/v2\/comments?post=4398"}],"version-history":[{"count":1,"href":"https:\/\/www.confere.org.br\/wordpress\/wp-json\/wp\/v2\/posts\/4398\/revisions"}],"predecessor-version":[{"id":4399,"href":"https:\/\/www.confere.org.br\/wordpress\/wp-json\/wp\/v2\/posts\/4398\/revisions\/4399"}],"wp:featuredmedia":[{"embeddable":true,"href":"https:\/\/www.confere.org.br\/wordpress\/wp-json\/wp\/v2\/media\/2139"}],"wp:attachment":[{"href":"https:\/\/www.confere.org.br\/wordpress\/wp-json\/wp\/v2\/media?parent=4398"}],"wp:term":[{"taxonomy":"category","embeddable":true,"href":"https:\/\/www.confere.org.br\/wordpress\/wp-json\/wp\/v2\/categories?post=4398"},{"taxonomy":"post_tag","embeddable":true,"href":"https:\/\/www.confere.org.br\/wordpress\/wp-json\/wp\/v2\/tags?post=4398"}],"curies":[{"name":"wp","href":"https:\/\/api.w.org\/{rel}","templated":true}]}}