{"id":4435,"date":"2021-03-03T11:25:49","date_gmt":"2021-03-03T14:25:49","guid":{"rendered":"https:\/\/www.confere.org.br\/wordpress\/?p=4435"},"modified":"2021-03-03T11:25:50","modified_gmt":"2021-03-03T14:25:50","slug":"pix-banco-central-aumenta-limite-de-transferencias-eletronicas","status":"publish","type":"post","link":"https:\/\/www.confere.org.br\/wordpress\/pix-banco-central-aumenta-limite-de-transferencias-eletronicas\/","title":{"rendered":"Pix: Banco Central aumenta limite de transfer\u00eancias eletr\u00f4nicas"},"content":{"rendered":"\n<p>Estes est\u00e3o entre crit\u00e9rios definidos pelo BC para estabelecer limite de valores nas transa\u00e7\u00f5es Pix. At\u00e9 28 de fevereiro, ao fazer um Pix para contas de mesma titularidade ou de outras pessoas, o limite dessa transfer\u00eancia era de 50% do teto oferecido para fazer uma TED (que pode variar de institui\u00e7\u00e3o para institui\u00e7\u00e3o).<\/p>\n\n\n\n<p>Para compras, passar\u00e1 a valer o limite m\u00e1ximo do cart\u00e3o de d\u00e9bito. At\u00e9 agora, as institui\u00e7\u00f5es financeiras fixavam o teto de envio do Pix com base num percentual do limite di\u00e1rio e mensal para a TED ou para a compra no cart\u00e3o de d\u00e9bito.<\/p>\n\n\n\n<p>Os valores m\u00e1ximos de movimenta\u00e7\u00e3o continuar\u00e3o definidos pela institui\u00e7\u00e3o financeira, com base no hor\u00e1rio, o dia da semana, o canal usado e a titularidade da conta, com o objetivo de garantir a seguran\u00e7a do usu\u00e1rio. Segundo o BC, os valores m\u00e1ximos continuar\u00e3o a ser estabelecidos pelos bancos, o que mudou foi a compatibilidade do limite com as quantias fixadas para a TED e a compra no d\u00e9bito.<\/p>\n\n\n\n<p>A partir de 1\u00ba de abril, segundo o BC, os clientes poder\u00e3o gerenciar os limites do Pix no pr\u00f3prio aplicativo da institui\u00e7\u00e3o financeira. Atualmente, o correntista pode personalizar apenas os limites para a TED e o cart\u00e3o de d\u00e9bito.<\/p>\n\n\n\n<p>A qualquer momento, o correntista pode pedir para mudar os limites atuais de movimenta\u00e7\u00e3o. Se for para reduzir, a institui\u00e7\u00e3o financeira \u00e9 obrigada a acatar o pedido instantaneamente. O aumento do limite fica a crit\u00e9rio da institui\u00e7\u00e3o, ap\u00f3s avalia\u00e7\u00e3o do perfil do cliente.<\/p>\n\n\n\n<p><br><br>Fonte: <a rel=\"noreferrer noopener\" href=\"https:\/\/extra.globo.com\/economia\/financas\/dona-socorro\/pix-banco-central-aumenta-limite-de-transferencias-eletronicas-24905213.html\" target=\"_blank\">www.extra.globo.com<\/a><\/p>\n","protected":false},"excerpt":{"rendered":"<p>Uma mudan\u00e7a promovida pelo Banco Central (BC) far\u00e1 com que os correntistas movimentem mais dinheiro via Pix, sistema de pagamentos instant\u00e2neos. Agora, os limites m\u00e1ximos do Pix dever\u00e3o ser iguais aos da transfer\u00eancia eletr\u00f4nica direta (TED) e do limite de cart\u00e3o de d\u00e9bito.<\/p>\n","protected":false},"author":3,"featured_media":4436,"comment_status":"closed","ping_status":"closed","sticky":false,"template":"","format":"standard","meta":[],"categories":[2],"tags":[],"_links":{"self":[{"href":"https:\/\/www.confere.org.br\/wordpress\/wp-json\/wp\/v2\/posts\/4435"}],"collection":[{"href":"https:\/\/www.confere.org.br\/wordpress\/wp-json\/wp\/v2\/posts"}],"about":[{"href":"https:\/\/www.confere.org.br\/wordpress\/wp-json\/wp\/v2\/types\/post"}],"author":[{"embeddable":true,"href":"https:\/\/www.confere.org.br\/wordpress\/wp-json\/wp\/v2\/users\/3"}],"replies":[{"embeddable":true,"href":"https:\/\/www.confere.org.br\/wordpress\/wp-json\/wp\/v2\/comments?post=4435"}],"version-history":[{"count":1,"href":"https:\/\/www.confere.org.br\/wordpress\/wp-json\/wp\/v2\/posts\/4435\/revisions"}],"predecessor-version":[{"id":4437,"href":"https:\/\/www.confere.org.br\/wordpress\/wp-json\/wp\/v2\/posts\/4435\/revisions\/4437"}],"wp:featuredmedia":[{"embeddable":true,"href":"https:\/\/www.confere.org.br\/wordpress\/wp-json\/wp\/v2\/media\/4436"}],"wp:attachment":[{"href":"https:\/\/www.confere.org.br\/wordpress\/wp-json\/wp\/v2\/media?parent=4435"}],"wp:term":[{"taxonomy":"category","embeddable":true,"href":"https:\/\/www.confere.org.br\/wordpress\/wp-json\/wp\/v2\/categories?post=4435"},{"taxonomy":"post_tag","embeddable":true,"href":"https:\/\/www.confere.org.br\/wordpress\/wp-json\/wp\/v2\/tags?post=4435"}],"curies":[{"name":"wp","href":"https:\/\/api.w.org\/{rel}","templated":true}]}}