{"id":4438,"date":"2021-03-03T11:34:59","date_gmt":"2021-03-03T14:34:59","guid":{"rendered":"https:\/\/www.confere.org.br\/wordpress\/?p=4438"},"modified":"2021-03-03T11:35:00","modified_gmt":"2021-03-03T14:35:00","slug":"pequenas-empresas-veem-oportunidades-geradas-pela-crise","status":"publish","type":"post","link":"https:\/\/www.confere.org.br\/wordpress\/pequenas-empresas-veem-oportunidades-geradas-pela-crise\/","title":{"rendered":"Pequenas empresas veem oportunidades geradas pela crise"},"content":{"rendered":"\n<p>Apesar de quase&nbsp;metade (49%) das micro, pequenas e m\u00e9dias empresas terem sofrido impactos negativos devido \u00e0 crise gerada pela pandemia de covid-19, 90% acreditam que o momento abriu novas oportunidades. Esses s\u00e3o os resultados da pesquisa feita pela Serasa Experian ouvindo 521 empreendedores de pequeno e m\u00e9dio porte.<img src=\"https:\/\/agenciabrasil.ebc.com.br\/ebc.png?id=1402813&amp;o=node\"><img src=\"https:\/\/agenciabrasil.ebc.com.br\/ebc.gif?id=1402813&amp;o=node\"><\/p>\n\n\n\n<p>Para 38% dos empres\u00e1rios, a crise abriu espa\u00e7o para aprender novas modalidades de vendas, 33% acreditam que o momento permite empreender e inovar, enquanto 33% est\u00e3o revendo as parcerias e os fornecedores. Outras oportunidades citadas pelos micro e pequenos empreendedores foram: aplicar estrat\u00e9gias de acordo com o perfil dos clientes (26%), investir em novas tecnologias (26%) e ter mais tempo para planejamento e gest\u00e3o (21%).<\/p>\n\n\n\n<p>Mais da metade (52,6%) dos empres\u00e1rios pretende expandir os neg\u00f3cios com o fim da crise e retomada da economia, enquanto 29,2% estimam que conseguiram voltar ao mesmo patamar de antes da pandemia.&nbsp;<\/p>\n\n\n\n<h4><br>Impactos<\/h4>\n\n\n\n<p>Fora os 49% que afirmam ter sofrido os efeitos negativos da crise, 36% disseram n\u00e3o ter tido perdas e 15% conseguiram ter um saldo positivo no per\u00edodo.&nbsp;<\/p>\n\n\n\n<p>A principal mudan\u00e7a estrutural promovida pelas empresas foi a aloca\u00e7\u00e3o de recursos para trabalhar e atender de forma remota, mencionada por 53,2%, seguida pelos investimentos em tecnologia para as vendas n\u00e3o presenciais (51,7%). A gest\u00e3o financeira foi um ponto em que 39,4% dos empreendedores fizeram altera\u00e7\u00f5es importantes para passar pelo per\u00edodo.<\/p>\n\n\n\n<p><br><br>Fonte: <a href=\"https:\/\/agenciabrasil.ebc.com.br\/economia\/noticia\/2021-03\/pequenas-empresas-veem-oportunidades-geradas-pela-crise\" target=\"_blank\" rel=\"noreferrer noopener\">Ag\u00eancia Brasil<\/a><\/p>\n","protected":false},"excerpt":{"rendered":"<p>Pesquisa foi feita pela Serasa Experian<\/p>\n","protected":false},"author":3,"featured_media":4439,"comment_status":"closed","ping_status":"closed","sticky":false,"template":"","format":"standard","meta":[],"categories":[2],"tags":[],"_links":{"self":[{"href":"https:\/\/www.confere.org.br\/wordpress\/wp-json\/wp\/v2\/posts\/4438"}],"collection":[{"href":"https:\/\/www.confere.org.br\/wordpress\/wp-json\/wp\/v2\/posts"}],"about":[{"href":"https:\/\/www.confere.org.br\/wordpress\/wp-json\/wp\/v2\/types\/post"}],"author":[{"embeddable":true,"href":"https:\/\/www.confere.org.br\/wordpress\/wp-json\/wp\/v2\/users\/3"}],"replies":[{"embeddable":true,"href":"https:\/\/www.confere.org.br\/wordpress\/wp-json\/wp\/v2\/comments?post=4438"}],"version-history":[{"count":1,"href":"https:\/\/www.confere.org.br\/wordpress\/wp-json\/wp\/v2\/posts\/4438\/revisions"}],"predecessor-version":[{"id":4440,"href":"https:\/\/www.confere.org.br\/wordpress\/wp-json\/wp\/v2\/posts\/4438\/revisions\/4440"}],"wp:featuredmedia":[{"embeddable":true,"href":"https:\/\/www.confere.org.br\/wordpress\/wp-json\/wp\/v2\/media\/4439"}],"wp:attachment":[{"href":"https:\/\/www.confere.org.br\/wordpress\/wp-json\/wp\/v2\/media?parent=4438"}],"wp:term":[{"taxonomy":"category","embeddable":true,"href":"https:\/\/www.confere.org.br\/wordpress\/wp-json\/wp\/v2\/categories?post=4438"},{"taxonomy":"post_tag","embeddable":true,"href":"https:\/\/www.confere.org.br\/wordpress\/wp-json\/wp\/v2\/tags?post=4438"}],"curies":[{"name":"wp","href":"https:\/\/api.w.org\/{rel}","templated":true}]}}