{"id":4441,"date":"2021-03-04T11:37:26","date_gmt":"2021-03-04T14:37:26","guid":{"rendered":"https:\/\/www.confere.org.br\/wordpress\/?p=4441"},"modified":"2021-03-04T11:40:04","modified_gmt":"2021-03-04T14:40:04","slug":"faturamento-da-industria-cresce-87-em-janeiro-diz-cni","status":"publish","type":"post","link":"https:\/\/www.confere.org.br\/wordpress\/faturamento-da-industria-cresce-87-em-janeiro-diz-cni\/","title":{"rendered":"Faturamento da ind\u00fastria cresce 8,7% em janeiro, diz CNI"},"content":{"rendered":"\n<p>A atividade industrial brasileira fechou janeiro de 2021 em um n\u00edvel mais alto do que o registrado em janeiro de 2020, segundo os Indicadores Industriais divulgados&nbsp;hoje&nbsp;(4) pela Confedera\u00e7\u00e3o Nacional da Ind\u00fastria (CNI).<img src=\"https:\/\/agenciabrasil.ebc.com.br\/ebc.png?id=1402942&amp;o=node\"><img src=\"https:\/\/agenciabrasil.ebc.com.br\/ebc.gif?id=1402942&amp;o=node\"><\/p>\n\n\n\n<p>O levantamento destaca a alta de 8,7% no faturamento do setor, e a alta de 6,7% nas horas trabalhadas na produ\u00e7\u00e3o. A capacidade instalada registrada em janeiro de 2021 ficou em 79% \u2013 n\u00famero que \u00e9 2,2 pontos percentuais acima do que foi registrado no mesmo m\u00eas de 2020.<\/p>\n\n\n\n<p>De acordo com a CNI, \u201ctodos os \u00edndices&nbsp;de janeiro&nbsp;deste ano mostram alta na compara\u00e7\u00e3o com o mesmo m\u00eas de 2020\u201d. O indicador emprego industrial&nbsp;teve um aumento de 0,1% tanto na compara\u00e7\u00e3o com janeiro de 2020 como dezembro de 2020.<\/p>\n\n\n\n<p>J\u00e1 a massa salarial cresceu 0,5% em janeiro, na compara\u00e7\u00e3o com janeiro do ano passado, e de 5% na compara\u00e7\u00e3o com dezembro. O rendimento m\u00e9dio dos trabalhadores teve um aumento de 0,4% na compara\u00e7\u00e3o com janeiro de 2020, e de 5,6% frente a dezembro do mesmo ano.<\/p>\n\n\n\n<p>\u201cA atividade industrial segue forte, refletindo a continuidade da trajet\u00f3ria de alta iniciada com a recupera\u00e7\u00e3o da atividade. Observamos altas, em alguns casos altas significativas, na compara\u00e7\u00e3o com janeiro do ano passado, quando a pandemia ainda n\u00e3o era uma realidade no Brasil\u201d, avaliou\u00a0o gerente de An\u00e1lise Econ\u00f4mica da CNI, Marcelo Azevedo.<\/p>\n\n\n\n<p><br><br>Fonte: <a rel=\"noreferrer noopener\" href=\"https:\/\/agenciabrasil.ebc.com.br\/economia\/noticia\/2021-03\/faturamento-da-industria-cresce-87-em-janeiro-diz-cni\" target=\"_blank\">Ag\u00eancia Brasil<\/a><\/p>\n","protected":false},"excerpt":{"rendered":"<p>Alta foi de 8,7% no faturamento e de 6,7% nas horas trabalhadas<\/p>\n","protected":false},"author":3,"featured_media":4443,"comment_status":"closed","ping_status":"closed","sticky":false,"template":"","format":"standard","meta":[],"categories":[2],"tags":[],"_links":{"self":[{"href":"https:\/\/www.confere.org.br\/wordpress\/wp-json\/wp\/v2\/posts\/4441"}],"collection":[{"href":"https:\/\/www.confere.org.br\/wordpress\/wp-json\/wp\/v2\/posts"}],"about":[{"href":"https:\/\/www.confere.org.br\/wordpress\/wp-json\/wp\/v2\/types\/post"}],"author":[{"embeddable":true,"href":"https:\/\/www.confere.org.br\/wordpress\/wp-json\/wp\/v2\/users\/3"}],"replies":[{"embeddable":true,"href":"https:\/\/www.confere.org.br\/wordpress\/wp-json\/wp\/v2\/comments?post=4441"}],"version-history":[{"count":1,"href":"https:\/\/www.confere.org.br\/wordpress\/wp-json\/wp\/v2\/posts\/4441\/revisions"}],"predecessor-version":[{"id":4442,"href":"https:\/\/www.confere.org.br\/wordpress\/wp-json\/wp\/v2\/posts\/4441\/revisions\/4442"}],"wp:featuredmedia":[{"embeddable":true,"href":"https:\/\/www.confere.org.br\/wordpress\/wp-json\/wp\/v2\/media\/4443"}],"wp:attachment":[{"href":"https:\/\/www.confere.org.br\/wordpress\/wp-json\/wp\/v2\/media?parent=4441"}],"wp:term":[{"taxonomy":"category","embeddable":true,"href":"https:\/\/www.confere.org.br\/wordpress\/wp-json\/wp\/v2\/categories?post=4441"},{"taxonomy":"post_tag","embeddable":true,"href":"https:\/\/www.confere.org.br\/wordpress\/wp-json\/wp\/v2\/tags?post=4441"}],"curies":[{"name":"wp","href":"https:\/\/api.w.org\/{rel}","templated":true}]}}