{"id":4447,"date":"2021-03-08T08:17:46","date_gmt":"2021-03-08T11:17:46","guid":{"rendered":"https:\/\/www.confere.org.br\/wordpress\/?p=4447"},"modified":"2021-03-08T08:26:43","modified_gmt":"2021-03-08T11:26:43","slug":"dia-internacional-da-mulher-2","status":"publish","type":"post","link":"https:\/\/www.confere.org.br\/wordpress\/dia-internacional-da-mulher-2\/","title":{"rendered":"DIA INTERNACIONAL DA MULHER"},"content":{"rendered":"\n<figure class=\"wp-block-video\"><video controls src=\"https:\/\/www.confere.org.br\/wordpress\/wp-content\/uploads\/2021\/03\/DIA-DA-MULHER.mp4\"><\/video><figcaption><br><br><\/figcaption><\/figure>\n\n\n\n<ul><li>Empreendedorismo<\/li><li>Igualdade de g\u00eanero<\/li><li>Empoderamento<\/li><li>Hist\u00f3ria<\/li><li>Representa\u00e7\u00e3o comercial<\/li><\/ul>\n\n\n\n<p><br>Bom, ainda bem que agora se discute! Mulher \u00e9 for\u00e7a que move o mundo. Ou seria uma gal\u00e1xia inteira? Afinal, dentro de cada uma, h\u00e1 v\u00e1rias realidades paralelas e complementares acontecendo ao mesmo tempo. E pena que isso n\u00e3o \u00e9 t\u00e3o reconhecido (at\u00e9 hoje!). Mulheres ganham menos ocupando cargos iguais. Em vagas de diretoria e ger\u00eancia, elas recebem o equivalente a 71,3% da remunera\u00e7\u00e3o dos homens, segundo estudo IBGE (2018).<\/p>\n\n\n\n<p><br>E mesmo com todos os desafios, o desbravamento de mentalidade social segue forte, lan\u00e7ando m\u00e3o do empreendedorismo feminino para mudar essa realidade. O Confere se orgulha da atua\u00e7\u00e3o das mulheres na Representa\u00e7\u00e3o Comercial, o que impulsiona as vendas e a economia brasileira.<\/p>\n\n\n\n<p><br>Desejamos um feliz e representativo <br>Dia Internacional da Mulher!<\/p>\n","protected":false},"excerpt":{"rendered":"<p>Como esses termos se relacionam? Na verdade, eles est\u00e3o intimamente ligados na vida de uma mulher, mas \u00e9 recente que se discute sobre isso.<\/p>\n","protected":false},"author":3,"featured_media":4448,"comment_status":"closed","ping_status":"closed","sticky":false,"template":"","format":"standard","meta":[],"categories":[34,49],"tags":[],"_links":{"self":[{"href":"https:\/\/www.confere.org.br\/wordpress\/wp-json\/wp\/v2\/posts\/4447"}],"collection":[{"href":"https:\/\/www.confere.org.br\/wordpress\/wp-json\/wp\/v2\/posts"}],"about":[{"href":"https:\/\/www.confere.org.br\/wordpress\/wp-json\/wp\/v2\/types\/post"}],"author":[{"embeddable":true,"href":"https:\/\/www.confere.org.br\/wordpress\/wp-json\/wp\/v2\/users\/3"}],"replies":[{"embeddable":true,"href":"https:\/\/www.confere.org.br\/wordpress\/wp-json\/wp\/v2\/comments?post=4447"}],"version-history":[{"count":2,"href":"https:\/\/www.confere.org.br\/wordpress\/wp-json\/wp\/v2\/posts\/4447\/revisions"}],"predecessor-version":[{"id":4451,"href":"https:\/\/www.confere.org.br\/wordpress\/wp-json\/wp\/v2\/posts\/4447\/revisions\/4451"}],"wp:featuredmedia":[{"embeddable":true,"href":"https:\/\/www.confere.org.br\/wordpress\/wp-json\/wp\/v2\/media\/4448"}],"wp:attachment":[{"href":"https:\/\/www.confere.org.br\/wordpress\/wp-json\/wp\/v2\/media?parent=4447"}],"wp:term":[{"taxonomy":"category","embeddable":true,"href":"https:\/\/www.confere.org.br\/wordpress\/wp-json\/wp\/v2\/categories?post=4447"},{"taxonomy":"post_tag","embeddable":true,"href":"https:\/\/www.confere.org.br\/wordpress\/wp-json\/wp\/v2\/tags?post=4447"}],"curies":[{"name":"wp","href":"https:\/\/api.w.org\/{rel}","templated":true}]}}