{"id":4462,"date":"2021-03-09T09:48:20","date_gmt":"2021-03-09T12:48:20","guid":{"rendered":"https:\/\/www.confere.org.br\/wordpress\/?p=4462"},"modified":"2021-03-09T09:48:21","modified_gmt":"2021-03-09T12:48:21","slug":"pronampe-governo-anuncia-prorrogacao-do-prazo-de-carencia-dos-emprestimos","status":"publish","type":"post","link":"https:\/\/www.confere.org.br\/wordpress\/pronampe-governo-anuncia-prorrogacao-do-prazo-de-carencia-dos-emprestimos\/","title":{"rendered":"Pronampe: governo anuncia prorroga\u00e7\u00e3o do prazo de car\u00eancia dos empr\u00e9stimos"},"content":{"rendered":"\n<p>O secret\u00e1rio especial de Produtividade, Emprego e Competitividade do&nbsp;<a href=\"https:\/\/g1.globo.com\/tudo-sobre\/ministerio-da-economia\/\">Minist\u00e9rio da Economia<\/a>, Carlos da Costa, informou nesta segunda-feira (8) que o governo decidiu prorrogar por mais tr\u00eas meses o prazo de car\u00eancia dos empr\u00e9stimos concedidos a empres\u00e1rios por meio do Programa Nacional de Apoio \u00e0s Microempresas e Empresas de Pequeno Porte (<a href=\"https:\/\/g1.globo.com\/economia\/noticia\/2020\/08\/21\/bolsonaro-sanciona-lei-que-cria-linha-de-credito-para-profissionais-liberais.ghtml\">Pronampe<\/a>).<\/p>\n\n\n\n<p>Criado em maio do ano passado como uma forma de ajudar pequenos empres\u00e1rios a enfrentar a crise provocada pela pandemia, o Pronampe permitiu ao empres\u00e1rio pegar at\u00e9 30% do faturamento em empr\u00e9stimo, com pagamento em 36 vezes e juros de at\u00e9 1,25% mais taxa Selic.<\/p>\n\n\n\n<p>O programa tinha prazo de car\u00eancia de oito meses, e os empr\u00e9stimos come\u00e7ariam a ser pagos neste m\u00eas. Ao todo, as tr\u00eas fases do programa em 2020 emprestaram R$ 37,5 bilh\u00f5es a 517 mil empres\u00e1rios.<\/p>\n\n\n\n<p>&#8220;O Minist\u00e9rio da Economia acabou de aprovar uma extens\u00e3o de tr\u00eas meses na car\u00eancia. Ou seja, aquele empres\u00e1rio que tomou recursos em agosto e que teria que come\u00e7ar a pagar agora [&#8230;] ter\u00e1 mais tr\u00eas meses, no meio dessa situa\u00e7\u00e3o muito dif\u00edcil, para ter um pouco de al\u00edvio&#8221;, afirmou Costa.<\/p>\n\n\n\n<p>Segundo o secret\u00e1rio, o governo articula um projeto de lei para permitir que recursos do Pronampe n\u00e3o usados em 2020 (cerca de R$ 2 bilh\u00f5es) sejam usados em 2021.<\/p>\n\n\n\n<p>Carlos da Costa afirmou ainda que negocia com o Senado mais R$ 4,8 bilh\u00f5es para ajudar a socorrer empresas.<\/p>\n\n\n\n<p><br><br>Fonte: <a rel=\"noreferrer noopener\" href=\"https:\/\/g1.globo.com\/economia\/noticia\/2021\/03\/08\/pronampe-governo-anuncia-prorrogacao-do-prazo-de-carencia-dos-emprestimos.ghtml\" target=\"_blank\">www.g1.globo.com<\/a><\/p>\n","protected":false},"excerpt":{"rendered":"<p>Com mudan\u00e7a, empres\u00e1rios ter\u00e3o mais tr\u00eas meses para come\u00e7ar a pagar empr\u00e9stimo do ano passado. Segundo governo, medidas s\u00e3o analisadas para garantir recursos em 2021.<\/p>\n","protected":false},"author":3,"featured_media":3208,"comment_status":"closed","ping_status":"closed","sticky":false,"template":"","format":"standard","meta":[],"categories":[2],"tags":[],"_links":{"self":[{"href":"https:\/\/www.confere.org.br\/wordpress\/wp-json\/wp\/v2\/posts\/4462"}],"collection":[{"href":"https:\/\/www.confere.org.br\/wordpress\/wp-json\/wp\/v2\/posts"}],"about":[{"href":"https:\/\/www.confere.org.br\/wordpress\/wp-json\/wp\/v2\/types\/post"}],"author":[{"embeddable":true,"href":"https:\/\/www.confere.org.br\/wordpress\/wp-json\/wp\/v2\/users\/3"}],"replies":[{"embeddable":true,"href":"https:\/\/www.confere.org.br\/wordpress\/wp-json\/wp\/v2\/comments?post=4462"}],"version-history":[{"count":1,"href":"https:\/\/www.confere.org.br\/wordpress\/wp-json\/wp\/v2\/posts\/4462\/revisions"}],"predecessor-version":[{"id":4463,"href":"https:\/\/www.confere.org.br\/wordpress\/wp-json\/wp\/v2\/posts\/4462\/revisions\/4463"}],"wp:featuredmedia":[{"embeddable":true,"href":"https:\/\/www.confere.org.br\/wordpress\/wp-json\/wp\/v2\/media\/3208"}],"wp:attachment":[{"href":"https:\/\/www.confere.org.br\/wordpress\/wp-json\/wp\/v2\/media?parent=4462"}],"wp:term":[{"taxonomy":"category","embeddable":true,"href":"https:\/\/www.confere.org.br\/wordpress\/wp-json\/wp\/v2\/categories?post=4462"},{"taxonomy":"post_tag","embeddable":true,"href":"https:\/\/www.confere.org.br\/wordpress\/wp-json\/wp\/v2\/tags?post=4462"}],"curies":[{"name":"wp","href":"https:\/\/api.w.org\/{rel}","templated":true}]}}