{"id":4471,"date":"2021-03-15T09:23:09","date_gmt":"2021-03-15T12:23:09","guid":{"rendered":"https:\/\/www.confere.org.br\/wordpress\/?p=4471"},"modified":"2021-03-15T09:23:10","modified_gmt":"2021-03-15T12:23:10","slug":"anuidade-sistema-confere-cores-2021","status":"publish","type":"post","link":"https:\/\/www.confere.org.br\/wordpress\/anuidade-sistema-confere-cores-2021\/","title":{"rendered":"ANUIDADE SISTEMA CONFERE\/CORES 2021"},"content":{"rendered":"\n<p>Aproveite e mantenha o seu registro profissional em dia!<\/p>\n\n\n\n<p><br>Ap\u00f3s o dia 31 de mar\u00e7o o pagamento da anuidade poder\u00e1 ser parcelado, em 3 vezes, sem desconto, vencendo-se a primeira em 30 de abril, a segunda em 31 de agosto e a terceira em 31 de dezembro do mesmo ano.<\/p>\n\n\n\n<p><br>Busque maiores informa\u00e7\u00f5es sobre os valores das anuidades, aqui no site do Confere.<\/p>\n","protected":false},"excerpt":{"rendered":"<p>pague at\u00e9 o dia 31 de mar\u00e7o e garanta 10% de desconto.<\/p>\n","protected":false},"author":3,"featured_media":4472,"comment_status":"closed","ping_status":"closed","sticky":false,"template":"","format":"standard","meta":[],"categories":[34,49],"tags":[],"_links":{"self":[{"href":"https:\/\/www.confere.org.br\/wordpress\/wp-json\/wp\/v2\/posts\/4471"}],"collection":[{"href":"https:\/\/www.confere.org.br\/wordpress\/wp-json\/wp\/v2\/posts"}],"about":[{"href":"https:\/\/www.confere.org.br\/wordpress\/wp-json\/wp\/v2\/types\/post"}],"author":[{"embeddable":true,"href":"https:\/\/www.confere.org.br\/wordpress\/wp-json\/wp\/v2\/users\/3"}],"replies":[{"embeddable":true,"href":"https:\/\/www.confere.org.br\/wordpress\/wp-json\/wp\/v2\/comments?post=4471"}],"version-history":[{"count":1,"href":"https:\/\/www.confere.org.br\/wordpress\/wp-json\/wp\/v2\/posts\/4471\/revisions"}],"predecessor-version":[{"id":4473,"href":"https:\/\/www.confere.org.br\/wordpress\/wp-json\/wp\/v2\/posts\/4471\/revisions\/4473"}],"wp:featuredmedia":[{"embeddable":true,"href":"https:\/\/www.confere.org.br\/wordpress\/wp-json\/wp\/v2\/media\/4472"}],"wp:attachment":[{"href":"https:\/\/www.confere.org.br\/wordpress\/wp-json\/wp\/v2\/media?parent=4471"}],"wp:term":[{"taxonomy":"category","embeddable":true,"href":"https:\/\/www.confere.org.br\/wordpress\/wp-json\/wp\/v2\/categories?post=4471"},{"taxonomy":"post_tag","embeddable":true,"href":"https:\/\/www.confere.org.br\/wordpress\/wp-json\/wp\/v2\/tags?post=4471"}],"curies":[{"name":"wp","href":"https:\/\/api.w.org\/{rel}","templated":true}]}}