{"id":4482,"date":"2021-03-17T11:27:26","date_gmt":"2021-03-17T14:27:26","guid":{"rendered":"https:\/\/www.confere.org.br\/wordpress\/?p=4482"},"modified":"2021-03-17T11:27:28","modified_gmt":"2021-03-17T14:27:28","slug":"aplicativo-do-banco-do-brasil-passa-a-oferecer-microcredito-produtivo","status":"publish","type":"post","link":"https:\/\/www.confere.org.br\/wordpress\/aplicativo-do-banco-do-brasil-passa-a-oferecer-microcredito-produtivo\/","title":{"rendered":"Aplicativo do Banco do Brasil passa a oferecer microcr\u00e9dito produtivo"},"content":{"rendered":"\n<p>Os pequenos empreendedores podem contratar opera\u00e7\u00f5es de cr\u00e9dito diretamente pelo&nbsp;<em>smartphone<\/em>. O Banco do Brasil (BB) anunciou a contrata\u00e7\u00e3o do microcr\u00e9dito produtivo orientado (MPO) por meio do aplicativo da institui\u00e7\u00e3o financeira.<img src=\"https:\/\/agenciabrasil.ebc.com.br\/ebc.png?id=1404161&amp;o=node\"><img src=\"https:\/\/agenciabrasil.ebc.com.br\/ebc.gif?id=1404161&amp;o=node\"><\/p>\n\n\n\n<p>Com a ferramenta, os contratos passar\u00e3o a ser firmados pelo celular, dispensando a impress\u00e3o de documentos e a assinatura f\u00edsica. Destinado \u00e0 amplia\u00e7\u00e3o da produ\u00e7\u00e3o ou \u00e0 expans\u00e3o de pequenos neg\u00f3cios, o MPO oferece empr\u00e9stimos de R$ 1 mil a R$ 21 mil, com pagamentos de 5 a 18 parcelas, estabelecidos com base na capacidade do credor.<\/p>\n\n\n\n<p>No aplicativo, o empreendedor informal pede o microcr\u00e9dito. Em cinco minutos, em m\u00e9dia, a ag\u00eancia de relacionamento do correntista analisa o pedido e calcula a capacidade de pagamento. Caso o proponente aprove a proposta do banco, assinar\u00e1 todos os documentos eletronicamente.<\/p>\n\n\n\n<p>Na se\u00e7\u00e3o \u201cPerfil\u201d, dentro do aplicativo, o cliente clica em \u201cConfirma\u00e7\u00f5es pendentes\u201d e escreve a senha de seis d\u00edgitos, formalizando a contrata\u00e7\u00e3o do microcr\u00e9dito produtivo orientado sem a necessidade de ir \u00e0 ag\u00eancia. O Banco do Brasil orienta o proponente a ler toda a documenta\u00e7\u00e3o antes de proceder \u00e0 assinatura eletr\u00f4nica.<\/p>\n\n\n\n<p>Segundo o Banco do Brasil, a melhoria dos canais eletr\u00f4nicos de atendimento \u00e9 essencial para fortalecer os pequenos neg\u00f3cios, principalmente neste momento de recrudescimento da pandemia de covid-19. De acordo com a institui\u00e7\u00e3o, os profissionais que mais recorrem ao microcr\u00e9dito produtivo orientando s\u00e3o vendedores informais de roupas e acess\u00f3rios, cabelereiros, manicure e pedicure, vendedores informais de alimentos, empreendedores dos ramos de est\u00e9tica e outros servi\u00e7os de cuidados com a pele e higiene pessoal.<\/p>\n\n\n\n<h4><br>Faturamento<\/h4>\n\n\n\n<p>O MPO s\u00f3 pode ser contratado por tr\u00eas tipos de empreendedores: informais com renda mensal de at\u00e9 R$ 30 mil, microempreendedor individual (MEI) com faturamento de at\u00e9 R$ 81 mil por ano ou microempresa com faturamento de at\u00e9 R$ 360 mil por ano. O contratante n\u00e3o pode ter mais de R$ 80 mil de d\u00edvidas com bancos e outras institui\u00e7\u00f5es financeiras, exceto no caso de opera\u00e7\u00f5es de cr\u00e9dito habitacional.<\/p>\n\n\n\n<p>Voltada \u00e0 amplia\u00e7\u00e3o da capacidade produtiva, esse tipo de linha de cr\u00e9dito pode financiar a melhora do fluxo de caixa (capital de giro). O MPO tamb\u00e9m pode ser usado para a compra de equipamentos, m\u00f3veis, ferramentas e demais itens necess\u00e1rios ao funcionamento da atividade econ\u00f4mica.<\/p>\n\n\n\n<p><br><br>Fonte: <a rel=\"noreferrer noopener\" href=\"https:\/\/agenciabrasil.ebc.com.br\/economia\/noticia\/2021-03\/aplicativo-do-banco-do-brasil-passa-oferecer-microcredito-produtivo\" target=\"_blank\">Ag\u00eancia Brasil<\/a><\/p>\n","protected":false},"excerpt":{"rendered":"<p>Pequenos empreendedores podem contratar opera\u00e7\u00f5es sem ir \u00e0 ag\u00eancia<\/p>\n","protected":false},"author":3,"featured_media":4483,"comment_status":"closed","ping_status":"closed","sticky":false,"template":"","format":"standard","meta":[],"categories":[2],"tags":[],"_links":{"self":[{"href":"https:\/\/www.confere.org.br\/wordpress\/wp-json\/wp\/v2\/posts\/4482"}],"collection":[{"href":"https:\/\/www.confere.org.br\/wordpress\/wp-json\/wp\/v2\/posts"}],"about":[{"href":"https:\/\/www.confere.org.br\/wordpress\/wp-json\/wp\/v2\/types\/post"}],"author":[{"embeddable":true,"href":"https:\/\/www.confere.org.br\/wordpress\/wp-json\/wp\/v2\/users\/3"}],"replies":[{"embeddable":true,"href":"https:\/\/www.confere.org.br\/wordpress\/wp-json\/wp\/v2\/comments?post=4482"}],"version-history":[{"count":1,"href":"https:\/\/www.confere.org.br\/wordpress\/wp-json\/wp\/v2\/posts\/4482\/revisions"}],"predecessor-version":[{"id":4484,"href":"https:\/\/www.confere.org.br\/wordpress\/wp-json\/wp\/v2\/posts\/4482\/revisions\/4484"}],"wp:featuredmedia":[{"embeddable":true,"href":"https:\/\/www.confere.org.br\/wordpress\/wp-json\/wp\/v2\/media\/4483"}],"wp:attachment":[{"href":"https:\/\/www.confere.org.br\/wordpress\/wp-json\/wp\/v2\/media?parent=4482"}],"wp:term":[{"taxonomy":"category","embeddable":true,"href":"https:\/\/www.confere.org.br\/wordpress\/wp-json\/wp\/v2\/categories?post=4482"},{"taxonomy":"post_tag","embeddable":true,"href":"https:\/\/www.confere.org.br\/wordpress\/wp-json\/wp\/v2\/tags?post=4482"}],"curies":[{"name":"wp","href":"https:\/\/api.w.org\/{rel}","templated":true}]}}