{"id":4492,"date":"2021-03-18T09:23:10","date_gmt":"2021-03-18T12:23:10","guid":{"rendered":"https:\/\/www.confere.org.br\/wordpress\/?p=4492"},"modified":"2021-03-18T09:23:11","modified_gmt":"2021-03-18T12:23:11","slug":"1-ano-de-pandemia","status":"publish","type":"post","link":"https:\/\/www.confere.org.br\/wordpress\/1-ano-de-pandemia\/","title":{"rendered":"1 ANO DE PANDEMIA"},"content":{"rendered":"\n<p>Diagn\u00f3stico: o consumidor nunca mais ser\u00e1 o mesmo. Segundo an\u00e1lises, as recomenda\u00e7\u00f5es para manter a sa\u00fade das vendas, ap\u00f3s a pandemia, s\u00e3o:<\/p>\n\n\n\n<p><br>&#8211; ATENDIMENTO VIRTUAL, PR\u00c1TICO E PR\u00d3XIMO:<\/p>\n\n\n\n<p>Panorama Mobile Time\/Opinion Box perguntou a consumidores sobre quais canais mais utilizam para se relacionarem com marcas na pandemia. A resposta: WhatsApp: 78%; Instagram: 72%; Messenger: 58%; Telegram: 54%. S\u00e3o n\u00fameros expressivos que indicam perman\u00eancia.<\/p>\n\n\n\n<p><br>&#8211; VENDA DE ITENS DE COMODIDADE:<\/p>\n\n\n\n<p>Se empresas adotaram de vez o home office e v\u00e1rias atividades de bem-estar se tornaram on-line, isso significa que a vida intensa em casa continuar\u00e1 sendo cultivada. Moda comfy, jardinagem e mobili\u00e1rio de escrit\u00f3rio s\u00e3o tend\u00eancias que s\u00f3 devem crescer. Segundo a GfK, a procura por equipamentos de gin\u00e1stica cresceu 500%; de eletroport\u00e1teis, 800%; de kits para churrasco, 200%.<\/p>\n\n\n\n<p><br>&#8211; EDUCA\u00c7\u00c3O VIRTUAL:<\/p>\n\n\n\n<p>Tanto no sentido de estudar quanto no de fomentar, o Representante Comercial deve ficar de olho. Muita gente, que achava que nunca seria um bom aluno de EAD, acabou tendo que experimentar e viu que \u00e9 poss\u00edvel. A alta demanda impulsionou investimentos e consolida\u00e7\u00e3o. Fecom\u00e9rcio SP aponta: \u00e9 prov\u00e1vel que o consumo de cursos on-line se torne a regra.<\/p>\n","protected":false},"excerpt":{"rendered":"<p>Raio-X do consumidor<\/p>\n","protected":false},"author":3,"featured_media":4493,"comment_status":"closed","ping_status":"closed","sticky":false,"template":"","format":"standard","meta":[],"categories":[34,49],"tags":[],"_links":{"self":[{"href":"https:\/\/www.confere.org.br\/wordpress\/wp-json\/wp\/v2\/posts\/4492"}],"collection":[{"href":"https:\/\/www.confere.org.br\/wordpress\/wp-json\/wp\/v2\/posts"}],"about":[{"href":"https:\/\/www.confere.org.br\/wordpress\/wp-json\/wp\/v2\/types\/post"}],"author":[{"embeddable":true,"href":"https:\/\/www.confere.org.br\/wordpress\/wp-json\/wp\/v2\/users\/3"}],"replies":[{"embeddable":true,"href":"https:\/\/www.confere.org.br\/wordpress\/wp-json\/wp\/v2\/comments?post=4492"}],"version-history":[{"count":1,"href":"https:\/\/www.confere.org.br\/wordpress\/wp-json\/wp\/v2\/posts\/4492\/revisions"}],"predecessor-version":[{"id":4494,"href":"https:\/\/www.confere.org.br\/wordpress\/wp-json\/wp\/v2\/posts\/4492\/revisions\/4494"}],"wp:featuredmedia":[{"embeddable":true,"href":"https:\/\/www.confere.org.br\/wordpress\/wp-json\/wp\/v2\/media\/4493"}],"wp:attachment":[{"href":"https:\/\/www.confere.org.br\/wordpress\/wp-json\/wp\/v2\/media?parent=4492"}],"wp:term":[{"taxonomy":"category","embeddable":true,"href":"https:\/\/www.confere.org.br\/wordpress\/wp-json\/wp\/v2\/categories?post=4492"},{"taxonomy":"post_tag","embeddable":true,"href":"https:\/\/www.confere.org.br\/wordpress\/wp-json\/wp\/v2\/tags?post=4492"}],"curies":[{"name":"wp","href":"https:\/\/api.w.org\/{rel}","templated":true}]}}