{"id":4495,"date":"2021-03-19T10:12:03","date_gmt":"2021-03-19T13:12:03","guid":{"rendered":"https:\/\/www.confere.org.br\/wordpress\/?p=4495"},"modified":"2021-03-19T11:56:04","modified_gmt":"2021-03-19T14:56:04","slug":"deputado-estadual-leo-vieira-psc-rj-compromete-se-com-representantes-comerciais-do-estado-do-rio-de-janeiro","status":"publish","type":"post","link":"https:\/\/www.confere.org.br\/wordpress\/deputado-estadual-leo-vieira-psc-rj-compromete-se-com-representantes-comerciais-do-estado-do-rio-de-janeiro\/","title":{"rendered":"DEPUTADO ESTADUAL L\u00c9O VIEIRA (PSC-RJ) COMPROMETE-SE COM REPRESENTANTES COMERCIAIS DO ESTADO DO RIO DE JANEIRO"},"content":{"rendered":"\n<p style=\"font-size:12px\"><em>O&nbsp;representante comercial Darcy Candiogo;&nbsp;o deputado estadual L\u00e9o Vieira (PSC);&nbsp;o procurador-geral adjunto do Confere, Izaac Pereira In\u00e1cio; e Robson Oliveira, assessor parlamentar do deputado<\/em><\/p>\n\n\n\n<p><br>Durante o encontro, foram discutidas a\u00e7\u00f5es para a redu\u00e7\u00e3o e isen\u00e7\u00e3o de impostos para a categoria dos representantes comerciais no estado do Rio de Janeiro.&nbsp;<\/p>\n\n\n\n<p><br>O parlamentar se comprometeu em apresentar um Projeto de Lei nos pr\u00f3ximos dias em nova reuni\u00e3o com representantes comerciais e dirigentes do Confere.&nbsp;<\/p>\n\n\n\n<p><br>\u201cPrecisamos estudar e buscar solu\u00e7\u00f5es para desonera\u00e7\u00e3o dos representantes comerciais\u201d, firmou o deputado.\u00a0<br><br><\/p>\n\n\n\n<figure class=\"wp-block-image size-large\"><img width=\"1024\" height=\"683\" src=\"https:\/\/www.confere.org.br\/wordpress\/wp-content\/uploads\/2021\/03\/DSC_5198-1024x683.jpg\" alt=\"\" class=\"wp-image-4501\" srcset=\"https:\/\/www.confere.org.br\/wordpress\/wp-content\/uploads\/2021\/03\/DSC_5198-1024x683.jpg 1024w, https:\/\/www.confere.org.br\/wordpress\/wp-content\/uploads\/2021\/03\/DSC_5198-300x200.jpg 300w, https:\/\/www.confere.org.br\/wordpress\/wp-content\/uploads\/2021\/03\/DSC_5198-768x512.jpg 768w, https:\/\/www.confere.org.br\/wordpress\/wp-content\/uploads\/2021\/03\/DSC_5198-1536x1024.jpg 1536w, https:\/\/www.confere.org.br\/wordpress\/wp-content\/uploads\/2021\/03\/DSC_5198-2048x1365.jpg 2048w\" sizes=\"(max-width: 1024px) 100vw, 1024px\" \/><figcaption>O representante comercial Darcy Candiogo entre\u00a0o procurador-geral adjunto do Confere, Izaac Pereira In\u00e1cio e o diretor-presidente do Confere, Manoel Affonso Mendes, na sede do Confere<\/figcaption><\/figure>\n\n\n\n<p><br><br><\/p>\n\n\n\n<p><br><\/p>\n","protected":false},"excerpt":{"rendered":"<p>No dia 18 de mar\u00e7o de 2021, o procurador-geral adjunto do Confere, Izaac Pereira In\u00e1cio, e o representante comercial Darcy Candiogo, estiveram reunidos com o deputado estadual L\u00e9o Vieira (PSC), em seu gabinete na Assembleia Legislativa.  <\/p>\n","protected":false},"author":3,"featured_media":4496,"comment_status":"closed","ping_status":"closed","sticky":false,"template":"","format":"standard","meta":[],"categories":[34,49],"tags":[],"_links":{"self":[{"href":"https:\/\/www.confere.org.br\/wordpress\/wp-json\/wp\/v2\/posts\/4495"}],"collection":[{"href":"https:\/\/www.confere.org.br\/wordpress\/wp-json\/wp\/v2\/posts"}],"about":[{"href":"https:\/\/www.confere.org.br\/wordpress\/wp-json\/wp\/v2\/types\/post"}],"author":[{"embeddable":true,"href":"https:\/\/www.confere.org.br\/wordpress\/wp-json\/wp\/v2\/users\/3"}],"replies":[{"embeddable":true,"href":"https:\/\/www.confere.org.br\/wordpress\/wp-json\/wp\/v2\/comments?post=4495"}],"version-history":[{"count":5,"href":"https:\/\/www.confere.org.br\/wordpress\/wp-json\/wp\/v2\/posts\/4495\/revisions"}],"predecessor-version":[{"id":4502,"href":"https:\/\/www.confere.org.br\/wordpress\/wp-json\/wp\/v2\/posts\/4495\/revisions\/4502"}],"wp:featuredmedia":[{"embeddable":true,"href":"https:\/\/www.confere.org.br\/wordpress\/wp-json\/wp\/v2\/media\/4496"}],"wp:attachment":[{"href":"https:\/\/www.confere.org.br\/wordpress\/wp-json\/wp\/v2\/media?parent=4495"}],"wp:term":[{"taxonomy":"category","embeddable":true,"href":"https:\/\/www.confere.org.br\/wordpress\/wp-json\/wp\/v2\/categories?post=4495"},{"taxonomy":"post_tag","embeddable":true,"href":"https:\/\/www.confere.org.br\/wordpress\/wp-json\/wp\/v2\/tags?post=4495"}],"curies":[{"name":"wp","href":"https:\/\/api.w.org\/{rel}","templated":true}]}}