{"id":4507,"date":"2021-03-23T14:21:57","date_gmt":"2021-03-23T17:21:57","guid":{"rendered":"https:\/\/www.confere.org.br\/wordpress\/?p=4507"},"modified":"2021-03-23T14:25:29","modified_gmt":"2021-03-23T17:25:29","slug":"receita-federal-amplia-acesso-para-declaracao-pre-preenchida","status":"publish","type":"post","link":"https:\/\/www.confere.org.br\/wordpress\/receita-federal-amplia-acesso-para-declaracao-pre-preenchida\/","title":{"rendered":"Receita Federal amplia acesso para declara\u00e7\u00e3o pr\u00e9-preenchida"},"content":{"rendered":"\n<p>A Receita Federal anunciou nesta ter\u00e7a (23) a possibilidade de o contribuinte fazer a <a rel=\"noreferrer noopener\" href=\"https:\/\/agora.folha.uol.com.br\/grana\/imposto-de-renda\/2021\/03\/veja-quem-deve-declarar-o-imposto-de-renda-2021.shtml\" target=\"_blank\">declara\u00e7\u00e3o do Imposto de Renda 2021<\/a> pelo cadastro no <a rel=\"noreferrer noopener\" href=\"https:\/\/sso.acesso.gov.br\/login?client_id=contas.acesso.gov.br&amp;authorization_id=1785f884bfe\" target=\"_blank\">Portal.gov.br<\/a>. Segundo a Receita, atualmente, 94 milh\u00f5es de pessoas possuem conta no sistema unificado do governo federal, que oferece ao usu\u00e1rio o acesso a diversos servi\u00e7os usando uma \u00fanica senha.<\/p>\n\n\n\n<p>O servi\u00e7o \u00e9 um projeto-piloto e estar\u00e1 dispon\u00edvel at\u00e9 o dia 25 de mar\u00e7o (quinta-feira), exclusivamente na declara\u00e7\u00e3o online, por meio do servi\u00e7o Meu Imposto de Renda, quando acessado pelo e-CAC no computador.<\/p>\n\n\n\n<p>Para acessar, o contribuinte precisar\u00e1 ter cadastro no gov.br com valida\u00e7\u00e3o digital por meio de atendimento presencial no INSS, internet banking, reconhecimento facial no Denatran ou no TSE (Tribunal Superior Eleitoral) e de servidores p\u00fablicos, al\u00e9m do certificado digital.<\/p>\n\n\n\n<p>O contribuinte poder\u00e1 parear o celular, pelo aplicativo do gov.br, com e-CAC para ter a declara\u00e7\u00e3o pr\u00e9-preenchida. Segundo a Receita, \u00e9 poss\u00edvel recuperar as informa\u00e7\u00f5es no e-CAC, salvar na nuvem e continuar nos outros meios de preenchimento.<\/p>\n\n\n\n<figure class=\"wp-block-image size-large\"><img width=\"1024\" height=\"698\" src=\"https:\/\/www.confere.org.br\/wordpress\/wp-content\/uploads\/2021\/03\/dec-ir-1-1024x698.jpg\" alt=\"\" class=\"wp-image-4508\" srcset=\"https:\/\/www.confere.org.br\/wordpress\/wp-content\/uploads\/2021\/03\/dec-ir-1-1024x698.jpg 1024w, https:\/\/www.confere.org.br\/wordpress\/wp-content\/uploads\/2021\/03\/dec-ir-1-300x205.jpg 300w, https:\/\/www.confere.org.br\/wordpress\/wp-content\/uploads\/2021\/03\/dec-ir-1-768x524.jpg 768w, https:\/\/www.confere.org.br\/wordpress\/wp-content\/uploads\/2021\/03\/dec-ir-1.jpg 1217w\" sizes=\"(max-width: 1024px) 100vw, 1024px\" \/><\/figure>\n\n\n\n<figure class=\"wp-block-image size-large\"><img width=\"1024\" height=\"698\" src=\"https:\/\/www.confere.org.br\/wordpress\/wp-content\/uploads\/2021\/03\/dec-ir-2-1024x698.jpg\" alt=\"\" class=\"wp-image-4509\" srcset=\"https:\/\/www.confere.org.br\/wordpress\/wp-content\/uploads\/2021\/03\/dec-ir-2-1024x698.jpg 1024w, https:\/\/www.confere.org.br\/wordpress\/wp-content\/uploads\/2021\/03\/dec-ir-2-300x205.jpg 300w, https:\/\/www.confere.org.br\/wordpress\/wp-content\/uploads\/2021\/03\/dec-ir-2-768x524.jpg 768w, https:\/\/www.confere.org.br\/wordpress\/wp-content\/uploads\/2021\/03\/dec-ir-2.jpg 1217w\" sizes=\"(max-width: 1024px) 100vw, 1024px\" \/><\/figure>\n\n\n\n<figure class=\"wp-block-image size-large\"><img width=\"1024\" height=\"698\" src=\"https:\/\/www.confere.org.br\/wordpress\/wp-content\/uploads\/2021\/03\/dec-ir-3-1024x698.jpg\" alt=\"\" class=\"wp-image-4510\" srcset=\"https:\/\/www.confere.org.br\/wordpress\/wp-content\/uploads\/2021\/03\/dec-ir-3-1024x698.jpg 1024w, https:\/\/www.confere.org.br\/wordpress\/wp-content\/uploads\/2021\/03\/dec-ir-3-300x205.jpg 300w, https:\/\/www.confere.org.br\/wordpress\/wp-content\/uploads\/2021\/03\/dec-ir-3-768x524.jpg 768w, https:\/\/www.confere.org.br\/wordpress\/wp-content\/uploads\/2021\/03\/dec-ir-3.jpg 1217w\" sizes=\"(max-width: 1024px) 100vw, 1024px\" \/><\/figure>\n\n\n\n<figure class=\"wp-block-image size-large\"><img width=\"1024\" height=\"698\" src=\"https:\/\/www.confere.org.br\/wordpress\/wp-content\/uploads\/2021\/03\/dec-ir-4-1024x698.jpg\" alt=\"\" class=\"wp-image-4511\" srcset=\"https:\/\/www.confere.org.br\/wordpress\/wp-content\/uploads\/2021\/03\/dec-ir-4-1024x698.jpg 1024w, https:\/\/www.confere.org.br\/wordpress\/wp-content\/uploads\/2021\/03\/dec-ir-4-300x205.jpg 300w, https:\/\/www.confere.org.br\/wordpress\/wp-content\/uploads\/2021\/03\/dec-ir-4-768x524.jpg 768w, https:\/\/www.confere.org.br\/wordpress\/wp-content\/uploads\/2021\/03\/dec-ir-4.jpg 1217w\" sizes=\"(max-width: 1024px) 100vw, 1024px\" \/><\/figure>\n\n\n\n<p>Disponibilizada em 2014 para usu\u00e1rios com certificado digital, a declara\u00e7\u00e3o pr\u00e9-preenchida foi criada para facilitar o preenchimento e entrega da declara\u00e7\u00e3o IRPF, evitando erros e omiss\u00f5es. Ela traz as principais informa\u00e7\u00f5es do contribuinte fornecidas \u00e0 Receita Federal por empresas, bancos, m\u00e9dicos, dentistas, imobili\u00e1rias e pessoas f\u00edsicas.<\/p>\n\n\n\n<p>A novidade neste ano \u00e9 a amplia\u00e7\u00e3o desse acesso. Com acesso pelo gov.br, o pograma pr\u00e9-preenche a declara\u00e7\u00e3o do contribuinte com as informa\u00e7\u00f5es prestadas por terceiros, e por ele mesmo, \u00e0 Receita Federal.<\/p>\n\n\n\n<p>Tamb\u00e9m \u00e9 poss\u00edvel recupera informa\u00e7\u00f5es dos dependentes, desde que haja procura\u00e7\u00e3o eletr\u00f4nica. Caso haja algum dado incorreto, o contribuinte pode complementar ou corrigir as informa\u00e7\u00f5es.<\/p>\n\n\n\n<h4><br><strong>Prazo de entrega<\/strong><\/h4>\n\n\n\n<p><a rel=\"noreferrer noopener\" href=\"https:\/\/agora.folha.uol.com.br\/grana\/2021\/02\/prazo-para-declarar-o-ir-comeca-hoje-veja-como-o-aposentado-faz-a-declaracao.shtml\" target=\"_blank\">A entrega da declara\u00e7\u00e3o do Imposto de Renda 2021 termina em 30 de abril.<\/a> Quem n\u00e3o entregar no prazo est\u00e1 sujeito a multa que pode chegar a 20% do imposto devido.<\/p>\n\n\n\n<p>Nesta ter\u00e7a, a receita afirmou que est\u00e1 monitorando a pandemia de Covid-19 para um poss\u00edvel adiamento da entrega, como ocorreu em 2020.<\/p>\n\n\n\n<h4><br><strong>De onde v\u00eam as informa\u00e7\u00f5es?<\/strong><\/h4>\n\n\n\n<ul><li>Das fontes pagadoras por meio da Dirf (Declara\u00e7\u00e3o do Imposto sobre a Renda Retido na Fonte), inclusive dados financeiros.<\/li><li>Das pessoas jur\u00eddicas do ramo de im\u00f3veis por meio da Dimob (Declara\u00e7\u00e3o de Informa\u00e7\u00f5es sobre atividades Imobili\u00e1rias)<\/li><li>Das pessoas jur\u00eddicas prestadoras de servi\u00e7os de sa\u00fade por meio da Dmed (Declara\u00e7\u00e3o de Servi\u00e7os M\u00e9dicos)<\/li><li>Da pr\u00f3pria declara\u00e7\u00e3o IRPF do contribuinte, do ano calend\u00e1rio anterior<\/li><\/ul>\n\n\n\n<p>Aten\u00e7\u00e3o! <a href=\"https:\/\/agora.folha.uol.com.br\/grana\/2021\/02\/prepare-a-documentacao-para-receber-a-restituicao-do-ir-2021.shtml\" target=\"_blank\" rel=\"noreferrer noopener\">\u00c9 de inteira responsabilidade do contribuinte a verifica\u00e7\u00e3o da corre\u00e7\u00e3o de todos os dados preenchidos na declara\u00e7\u00e3o<\/a>, devendo realizar as altera\u00e7\u00f5es, inclus\u00f5es e exclus\u00f5es das informa\u00e7\u00f5es necess\u00e1rias, se for o caso.<\/p>\n\n\n\n<h4><br><strong>Veja o passo a passo para usar sua conta no gov.br<\/strong><\/h4>\n\n\n\n<ol><li>Acesso o site <a href=\"http:\/\/acesso.gov.br\" target=\"_blank\" rel=\"noreferrer noopener\">http:\/\/acesso.gov.br<\/a><\/li><li>Clique no bot\u00e3o Crie sua conta Gov br.<\/li><li>Baixe o aplicativo do Portal Gov.br em seu celular e acesse com seu usu\u00e1rio<\/li><li>Em segura\u00e7a, entre em &#8220;Habilitar verifica\u00e7\u00e3o em duas etapas&#8221;<\/li><li>Ser\u00e1 solicitada valida\u00e7\u00e3o facial (bases do Denatran ou do TSE)<\/li><li>Ao finalizar, o duplo fator est\u00e1 habilitado<\/li><\/ol>\n\n\n\n<h4><br><strong>Como acessar a pr\u00e9-preenchida?<\/strong><\/h4>\n\n\n\n<ol><li>Acesse o aplicativo gov.br pelo celular e entre com sua conta<\/li><li>Na p\u00e1gina gov.br\/receitafederal procure o Portal e-CAC<\/li><li>Escolha &#8220;Entrar com gov.br&#8221; e informe CPF + Senha<\/li><li>Se o duplo fator estiver ativado, ser\u00e1 enviado um c\u00f3digo de acesso para seu dispositivo m\u00f3vel<\/li><li>Informe o c\u00f3digo de acesso<\/li><li>No e-CAC procure por Meu Imposto de Renda, e clique na linha &#8220;Preencher Declara\u00e7\u00e3o online&#8221;<\/li><li>Inicie com a declara\u00e7\u00e3o pr\u00e9-preenchida<\/li><\/ol>\n\n\n\n<p><br><br>Fonte: <a rel=\"noreferrer noopener\" href=\"https:\/\/agora.folha.uol.com.br\/grana\/2021\/03\/receita-federal-amplia-acesso-para-declaracao-pre-preenchida.shtml\" target=\"_blank\">Agora S\u00e3o Paulo<\/a><\/p>\n","protected":false},"excerpt":{"rendered":"<p>Servi\u00e7o poder\u00e1 ser usado j\u00e1 na presta\u00e7\u00e3o de contas de 2021<\/p>\n","protected":false},"author":3,"featured_media":3133,"comment_status":"closed","ping_status":"closed","sticky":false,"template":"","format":"standard","meta":[],"categories":[2],"tags":[],"_links":{"self":[{"href":"https:\/\/www.confere.org.br\/wordpress\/wp-json\/wp\/v2\/posts\/4507"}],"collection":[{"href":"https:\/\/www.confere.org.br\/wordpress\/wp-json\/wp\/v2\/posts"}],"about":[{"href":"https:\/\/www.confere.org.br\/wordpress\/wp-json\/wp\/v2\/types\/post"}],"author":[{"embeddable":true,"href":"https:\/\/www.confere.org.br\/wordpress\/wp-json\/wp\/v2\/users\/3"}],"replies":[{"embeddable":true,"href":"https:\/\/www.confere.org.br\/wordpress\/wp-json\/wp\/v2\/comments?post=4507"}],"version-history":[{"count":4,"href":"https:\/\/www.confere.org.br\/wordpress\/wp-json\/wp\/v2\/posts\/4507\/revisions"}],"predecessor-version":[{"id":4515,"href":"https:\/\/www.confere.org.br\/wordpress\/wp-json\/wp\/v2\/posts\/4507\/revisions\/4515"}],"wp:featuredmedia":[{"embeddable":true,"href":"https:\/\/www.confere.org.br\/wordpress\/wp-json\/wp\/v2\/media\/3133"}],"wp:attachment":[{"href":"https:\/\/www.confere.org.br\/wordpress\/wp-json\/wp\/v2\/media?parent=4507"}],"wp:term":[{"taxonomy":"category","embeddable":true,"href":"https:\/\/www.confere.org.br\/wordpress\/wp-json\/wp\/v2\/categories?post=4507"},{"taxonomy":"post_tag","embeddable":true,"href":"https:\/\/www.confere.org.br\/wordpress\/wp-json\/wp\/v2\/tags?post=4507"}],"curies":[{"name":"wp","href":"https:\/\/api.w.org\/{rel}","templated":true}]}}