{"id":4523,"date":"2021-03-25T14:18:57","date_gmt":"2021-03-25T17:18:57","guid":{"rendered":"https:\/\/www.confere.org.br\/wordpress\/?p=4523"},"modified":"2022-11-18T10:50:39","modified_gmt":"2022-11-18T13:50:39","slug":"2020-resolucao-no-1-173-2020","status":"publish","type":"post","link":"https:\/\/www.confere.org.br\/wordpress\/2020-resolucao-no-1-173-2020\/","title":{"rendered":"2020 &#8211; Resolu\u00e7\u00e3o n\u00ba 1.173\/2020"},"content":{"rendered":"\n<p>Disp\u00f5e sobre a deflagra\u00e7\u00e3o do processo eleitoral pelo voto direto para composi\u00e7\u00e3o do Core-RS, no tri\u00eanio 2021\/2024, aprova\u00e7\u00e3o do Regulamento Eleitoral pr\u00f3prio e nomea\u00e7\u00e3o dos componentes da Comiss\u00e3o Eleitoral e da Mesa Receptora\/Apuradora.<\/p>\n\n\n\n<p><a href=\"https:\/\/www.confere.org.br\/wordpress\/wp-content\/uploads\/2021\/03\/RESOLUCAO-1173_2020.pdf\" target=\"_blank\" rel=\"noreferrer noopener\">https:\/\/www.confere.org.br\/wordpress\/wp-content\/uploads\/2021\/03\/RESOLUCAO-1173_2020.pdf<\/a><\/p>\n","protected":false},"excerpt":{"rendered":"<p>1.173, Resolu\u00e7\u00e3o, https:\/\/www.confere.org.br\/wordpress\/wp-content\/uploads\/2021\/03\/RESOLUCAO-1173_2020.pdf<\/p>\n","protected":false},"author":3,"featured_media":0,"comment_status":"closed","ping_status":"closed","sticky":false,"template":"","format":"standard","meta":[],"categories":[52],"tags":[],"_links":{"self":[{"href":"https:\/\/www.confere.org.br\/wordpress\/wp-json\/wp\/v2\/posts\/4523"}],"collection":[{"href":"https:\/\/www.confere.org.br\/wordpress\/wp-json\/wp\/v2\/posts"}],"about":[{"href":"https:\/\/www.confere.org.br\/wordpress\/wp-json\/wp\/v2\/types\/post"}],"author":[{"embeddable":true,"href":"https:\/\/www.confere.org.br\/wordpress\/wp-json\/wp\/v2\/users\/3"}],"replies":[{"embeddable":true,"href":"https:\/\/www.confere.org.br\/wordpress\/wp-json\/wp\/v2\/comments?post=4523"}],"version-history":[{"count":2,"href":"https:\/\/www.confere.org.br\/wordpress\/wp-json\/wp\/v2\/posts\/4523\/revisions"}],"predecessor-version":[{"id":4529,"href":"https:\/\/www.confere.org.br\/wordpress\/wp-json\/wp\/v2\/posts\/4523\/revisions\/4529"}],"wp:attachment":[{"href":"https:\/\/www.confere.org.br\/wordpress\/wp-json\/wp\/v2\/media?parent=4523"}],"wp:term":[{"taxonomy":"category","embeddable":true,"href":"https:\/\/www.confere.org.br\/wordpress\/wp-json\/wp\/v2\/categories?post=4523"},{"taxonomy":"post_tag","embeddable":true,"href":"https:\/\/www.confere.org.br\/wordpress\/wp-json\/wp\/v2\/tags?post=4523"}],"curies":[{"name":"wp","href":"https:\/\/api.w.org\/{rel}","templated":true}]}}