{"id":4525,"date":"2021-03-25T14:22:56","date_gmt":"2021-03-25T17:22:56","guid":{"rendered":"https:\/\/www.confere.org.br\/wordpress\/?p=4525"},"modified":"2021-03-25T14:26:02","modified_gmt":"2021-03-25T17:26:02","slug":"2021-resolucao-no-1-177-2021","status":"publish","type":"post","link":"https:\/\/www.confere.org.br\/wordpress\/2021-resolucao-no-1-177-2021\/","title":{"rendered":"2021 &#8211; Resolu\u00e7\u00e3o n\u00ba 1.177\/2021"},"content":{"rendered":"\n<p>Disp\u00f5e sobre a deflagra\u00e7\u00e3o do processo eleitoral pelo voto direto para composi\u00e7\u00e3o do Core-GO, no tri\u00eanio  021\/2024, aprova\u00e7\u00e3o do Regulamento Eleitoral pr\u00f3prio e nomea\u00e7\u00e3o dos componentes da Comiss\u00e3o Eleitoral e da Mesa Receptora\/Apuradora.<\/p>\n\n\n\n<p><a href=\"https:\/\/www.confere.org.br\/wordpress\/wp-content\/uploads\/2021\/03\/RESOLUCAO-1177_2021.pdf\">https:\/\/www.confere.org.br\/wordpress\/wp-content\/uploads\/2021\/03\/RESOLUCAO-1177_2021.pdf<\/a><\/p>\n","protected":false},"excerpt":{"rendered":"<p>1.177, Resolu\u00e7\u00e3o, https:\/\/www.confere.org.br\/wordpress\/wp-content\/uploads\/2021\/03\/RESOLUCAO-1177_2021.pdf<\/p>\n","protected":false},"author":3,"featured_media":0,"comment_status":"closed","ping_status":"closed","sticky":false,"template":"","format":"standard","meta":[],"categories":[52],"tags":[],"_links":{"self":[{"href":"https:\/\/www.confere.org.br\/wordpress\/wp-json\/wp\/v2\/posts\/4525"}],"collection":[{"href":"https:\/\/www.confere.org.br\/wordpress\/wp-json\/wp\/v2\/posts"}],"about":[{"href":"https:\/\/www.confere.org.br\/wordpress\/wp-json\/wp\/v2\/types\/post"}],"author":[{"embeddable":true,"href":"https:\/\/www.confere.org.br\/wordpress\/wp-json\/wp\/v2\/users\/3"}],"replies":[{"embeddable":true,"href":"https:\/\/www.confere.org.br\/wordpress\/wp-json\/wp\/v2\/comments?post=4525"}],"version-history":[{"count":3,"href":"https:\/\/www.confere.org.br\/wordpress\/wp-json\/wp\/v2\/posts\/4525\/revisions"}],"predecessor-version":[{"id":4530,"href":"https:\/\/www.confere.org.br\/wordpress\/wp-json\/wp\/v2\/posts\/4525\/revisions\/4530"}],"wp:attachment":[{"href":"https:\/\/www.confere.org.br\/wordpress\/wp-json\/wp\/v2\/media?parent=4525"}],"wp:term":[{"taxonomy":"category","embeddable":true,"href":"https:\/\/www.confere.org.br\/wordpress\/wp-json\/wp\/v2\/categories?post=4525"},{"taxonomy":"post_tag","embeddable":true,"href":"https:\/\/www.confere.org.br\/wordpress\/wp-json\/wp\/v2\/tags?post=4525"}],"curies":[{"name":"wp","href":"https:\/\/api.w.org\/{rel}","templated":true}]}}