{"id":4531,"date":"2021-03-25T14:40:29","date_gmt":"2021-03-25T17:40:29","guid":{"rendered":"https:\/\/www.confere.org.br\/wordpress\/?p=4531"},"modified":"2022-08-24T16:56:11","modified_gmt":"2022-08-24T19:56:11","slug":"atos-homologatorios-2021","status":"publish","type":"post","link":"https:\/\/www.confere.org.br\/wordpress\/atos-homologatorios-2021\/","title":{"rendered":"Atos Homologat\u00f3rios  &#8211; 2021"},"content":{"rendered":"\n<p><a rel=\"noreferrer noopener\" href=\"https:\/\/www.confere.org.br\/wordpress\/wp-content\/uploads\/2021\/03\/ATO-HOMOLOGATORIO-CORE-RS_01_2021.pdf\" target=\"_blank\">Ato Homologat\u00f3rio n\u00ba 01\/2021<\/a><br>Homologa o resultado da elei\u00e7\u00e3o para composi\u00e7\u00e3o do Conselho Regional dos Representantes Comerciais no Estado do Rio Grande do Sul &#8211; Core-RS, para o tri\u00eanio 2021\/2024.<\/p>\n\n\n\n<p><a rel=\"noreferrer noopener\" href=\"https:\/\/www.confere.org.br\/wordpress\/wp-content\/uploads\/2021\/03\/ATO-HOMOLOGATORIO-CORE-RO_02_2021.pdf\" target=\"_blank\">Ato Homologat\u00f3rio n\u00ba 02\/2021<\/a><br>Homologa o resultado da elei\u00e7\u00e3o para composi\u00e7\u00e3o do Conselho Regional dos Representantes Comerciais no Estado de Rond\u00f4nia \u2013 Core-RO, para o tri\u00eanio 2021\/2024.<\/p>\n\n\n\n<p><a rel=\"noreferrer noopener\" href=\"https:\/\/www.confere.org.br\/wordpress\/wp-content\/uploads\/2021\/08\/Ato-Homologatorio-03.pdf\" target=\"_blank\">Ato Homologat\u00f3rio n\u00ba 03\/2021<\/a><br>Homologa o resultado da elei\u00e7\u00e3o para composi\u00e7\u00e3o do Conselho Regional dos Representantes Comerciais no Estado de Goi\u00e1s \u2013 Core-GO, para o tri\u00eanio 2021\/2024.<\/p>\n\n\n\n<p><a href=\"https:\/\/www.confere.org.br\/wordpress\/wp-content\/uploads\/2022\/03\/ATO-HOMOLOGATORIO-04.2021.pdf\" target=\"_blank\" rel=\"noreferrer noopener\">Ato Homologat\u00f3rio n\u00ba 04\/2021<\/a><br>Homologa o resultado da elei\u00e7\u00e3o para composi\u00e7\u00e3o do Conselho Regional dos Representantes Comerciais no Estado de Minas Gerais &#8211; Core-MG, para o tri\u00eanio 2021\/2024.<\/p>\n\n\n\n<p><a rel=\"noreferrer noopener\" href=\"https:\/\/www.confere.org.br\/wordpress\/wp-content\/uploads\/2022\/03\/ATO-HOMOLOGATORIO-05.2021.pdf\" target=\"_blank\">Ato Homologat\u00f3rio n\u00ba 05\/2021<\/a><br>Homologa o resultado da elei\u00e7\u00e3o para composi\u00e7\u00e3o do Conselho Regional do Representantes Comerciais no Estado da Para\u00edba &#8211; Core-PB, para o tri\u00eanio 2021\/2024.<\/p>\n\n\n\n<p><a href=\"https:\/\/www.confere.org.br\/wordpress\/wp-content\/uploads\/2022\/08\/Ato-Homolgatorio-07_2022.pdf\" target=\"_blank\" rel=\"noreferrer noopener\">Ato Homologat\u00f3rio n\u00ba 07\/2022<\/a><br> Homologa o resultado da elei\u00e7\u00e3o para composi\u00e7\u00e3o do Conselho Regional  dos Representantes Comerciais no Estado do Rio de Janeiro &#8211; Core-RJ, para o tri\u00eanio 2023\/2026. <\/p>\n","protected":false},"excerpt":{"rendered":"<p>Ato Homologat\u00f3rio n\u00ba 01\/2021Homologa o resultado da elei\u00e7\u00e3o para composi\u00e7\u00e3o do Conselho Regional dos Representantes Comerciais no Estado do Rio Grande do Sul &#8211; Core-RS, para o tri\u00eanio 2021\/2024. Ato Homologat\u00f3rio n\u00ba 02\/2021Homologa o resultado da elei\u00e7\u00e3o para composi\u00e7\u00e3o do Conselho Regional dos Representantes Comerciais no Estado de Rond\u00f4nia \u2013 Core-RO, para o tri\u00eanio 2021\/2024. &hellip; <\/p>\n<p class=\"link-more\"><a href=\"https:\/\/www.confere.org.br\/wordpress\/atos-homologatorios-2021\/\" class=\"more-link\">Continue lendo<span class=\"screen-reader-text\"> &#8220;Atos Homologat\u00f3rios  &#8211; 2021&#8221;<\/span><\/a><\/p>\n","protected":false},"author":3,"featured_media":0,"comment_status":"closed","ping_status":"closed","sticky":false,"template":"","format":"standard","meta":[],"categories":[43],"tags":[],"_links":{"self":[{"href":"https:\/\/www.confere.org.br\/wordpress\/wp-json\/wp\/v2\/posts\/4531"}],"collection":[{"href":"https:\/\/www.confere.org.br\/wordpress\/wp-json\/wp\/v2\/posts"}],"about":[{"href":"https:\/\/www.confere.org.br\/wordpress\/wp-json\/wp\/v2\/types\/post"}],"author":[{"embeddable":true,"href":"https:\/\/www.confere.org.br\/wordpress\/wp-json\/wp\/v2\/users\/3"}],"replies":[{"embeddable":true,"href":"https:\/\/www.confere.org.br\/wordpress\/wp-json\/wp\/v2\/comments?post=4531"}],"version-history":[{"count":6,"href":"https:\/\/www.confere.org.br\/wordpress\/wp-json\/wp\/v2\/posts\/4531\/revisions"}],"predecessor-version":[{"id":8455,"href":"https:\/\/www.confere.org.br\/wordpress\/wp-json\/wp\/v2\/posts\/4531\/revisions\/8455"}],"wp:attachment":[{"href":"https:\/\/www.confere.org.br\/wordpress\/wp-json\/wp\/v2\/media?parent=4531"}],"wp:term":[{"taxonomy":"category","embeddable":true,"href":"https:\/\/www.confere.org.br\/wordpress\/wp-json\/wp\/v2\/categories?post=4531"},{"taxonomy":"post_tag","embeddable":true,"href":"https:\/\/www.confere.org.br\/wordpress\/wp-json\/wp\/v2\/tags?post=4531"}],"curies":[{"name":"wp","href":"https:\/\/api.w.org\/{rel}","templated":true}]}}