{"id":456,"date":"2019-10-09T00:02:20","date_gmt":"2019-10-09T03:02:20","guid":{"rendered":"http:\/\/www.confere.org.br\/wordpress\/?p=456"},"modified":"2022-10-04T10:26:00","modified_gmt":"2022-10-04T13:26:00","slug":"codigo-de-etica-e-disciplina-dos-representantes-comerciais","status":"publish","type":"post","link":"https:\/\/www.confere.org.br\/wordpress\/codigo-de-etica-e-disciplina-dos-representantes-comerciais\/","title":{"rendered":"Cabe\u00e7alho C\u00f3digo de \u00c9tica"},"content":{"rendered":"\n<p><\/p>\n\n\n\n<div style=\"height:36px\" aria-hidden=\"true\" class=\"wp-block-spacer\"><\/div>\n\n\n\n<p class=\"has-text-align-center has-large-font-size\"><strong>PRE\u00c2MBULO\u00a0<\/strong><\/p>\n\n\n\n<div style=\"height:21px\" aria-hidden=\"true\" class=\"wp-block-spacer\"><\/div>\n\n\n\n<p>O Conselho Federal dos Representantes Comerciais \u2013 Confere normatiza o presente <strong>C\u00f3digo de \u00c9tica e Disciplina dos Representantes Comerciais<\/strong> com regras deontol\u00f3gicas fundamentadas na Lei n\u00ba 4.886\/65 e, ainda, nos demais normativos e instru\u00e7\u00f5es que norteiam as atividades dos Conselhos de Fiscaliza\u00e7\u00e3o Profissional, na forma do artigo 5\u00ba, inciso XIII da Constitui\u00e7\u00e3o Federal.&nbsp;<\/p>\n\n\n\n<p>O objetivo \u00e9 a tutela da sociedade e do interesse p\u00fablico, para que os profissionais da Representa\u00e7\u00e3o Comercial n\u00e3o se afastem da \u00e9tica e da boa-f\u00e9 no desempenho da atividade regulamentada, especificamente, em suas rela\u00e7\u00f5es negociais com as empresas representadas, clientes, consumidores finais, colegas de profiss\u00e3o e, tamb\u00e9m, perante seu \u00f3rg\u00e3o de classe, para o amplo cumprimento dos seus deveres e responsabilidades, preservando a credibilidade do setor econ\u00f4mico da representa\u00e7\u00e3o comercial.&nbsp;<\/p>\n\n\n\n<p>Este C\u00f3digo de \u00c9tica e Disciplina possui <strong>car\u00e1ter educativo<\/strong>, como documento de instru\u00e7\u00e3o e defini\u00e7\u00e3o da boa pr\u00e1tica da Representa\u00e7\u00e3o Comercial, e <strong>car\u00e1ter punitivo<\/strong>, como instrumento que define as faltas e respectivas san\u00e7\u00f5es a serem aplicadas aos representantes comerciais, pessoa f\u00edsica ou jur\u00eddica, que deixam de cumprir com seus deveres \u00e9ticos e legais.\u00a0<\/p>\n\n\n\n<div style=\"height:31px\" aria-hidden=\"true\" class=\"wp-block-spacer\"><\/div>\n","protected":false},"excerpt":{"rendered":"<p>PRE\u00c2MBULO\u00a0 O Conselho Federal dos Representantes Comerciais \u2013 Confere normatiza o presente C\u00f3digo de \u00c9tica e Disciplina dos Representantes Comerciais com regras deontol\u00f3gicas fundamentadas na Lei n\u00ba 4.886\/65 e, ainda, nos demais normativos e instru\u00e7\u00f5es que norteiam as atividades dos Conselhos de Fiscaliza\u00e7\u00e3o Profissional, na forma do artigo 5\u00ba, inciso XIII da Constitui\u00e7\u00e3o Federal.&nbsp; O &hellip; <\/p>\n<p class=\"link-more\"><a href=\"https:\/\/www.confere.org.br\/wordpress\/codigo-de-etica-e-disciplina-dos-representantes-comerciais\/\" class=\"more-link\">Continue lendo<span class=\"screen-reader-text\"> &#8220;Cabe\u00e7alho C\u00f3digo de \u00c9tica&#8221;<\/span><\/a><\/p>\n","protected":false},"author":1,"featured_media":0,"comment_status":"closed","ping_status":"open","sticky":false,"template":"","format":"standard","meta":[],"categories":[51],"tags":[],"_links":{"self":[{"href":"https:\/\/www.confere.org.br\/wordpress\/wp-json\/wp\/v2\/posts\/456"}],"collection":[{"href":"https:\/\/www.confere.org.br\/wordpress\/wp-json\/wp\/v2\/posts"}],"about":[{"href":"https:\/\/www.confere.org.br\/wordpress\/wp-json\/wp\/v2\/types\/post"}],"author":[{"embeddable":true,"href":"https:\/\/www.confere.org.br\/wordpress\/wp-json\/wp\/v2\/users\/1"}],"replies":[{"embeddable":true,"href":"https:\/\/www.confere.org.br\/wordpress\/wp-json\/wp\/v2\/comments?post=456"}],"version-history":[{"count":29,"href":"https:\/\/www.confere.org.br\/wordpress\/wp-json\/wp\/v2\/posts\/456\/revisions"}],"predecessor-version":[{"id":8973,"href":"https:\/\/www.confere.org.br\/wordpress\/wp-json\/wp\/v2\/posts\/456\/revisions\/8973"}],"wp:attachment":[{"href":"https:\/\/www.confere.org.br\/wordpress\/wp-json\/wp\/v2\/media?parent=456"}],"wp:term":[{"taxonomy":"category","embeddable":true,"href":"https:\/\/www.confere.org.br\/wordpress\/wp-json\/wp\/v2\/categories?post=456"},{"taxonomy":"post_tag","embeddable":true,"href":"https:\/\/www.confere.org.br\/wordpress\/wp-json\/wp\/v2\/tags?post=456"}],"curies":[{"name":"wp","href":"https:\/\/api.w.org\/{rel}","templated":true}]}}