{"id":477,"date":"2019-10-09T16:31:32","date_gmt":"2019-10-09T19:31:32","guid":{"rendered":"http:\/\/www.confere.org.br\/wordpress\/?p=477"},"modified":"2022-07-28T10:20:29","modified_gmt":"2022-07-28T13:20:29","slug":"qual-a-documentacao-necessaria-para-realizar-o-registro-no-core-pessoa-natural-e-sociedade","status":"publish","type":"post","link":"https:\/\/www.confere.org.br\/wordpress\/qual-a-documentacao-necessaria-para-realizar-o-registro-no-core-pessoa-natural-e-sociedade\/","title":{"rendered":"Qual a documenta\u00e7\u00e3o necess\u00e1ria para realizar o registro no Core (pessoa natural e sociedade)?"},"content":{"rendered":"\n<h4>Pessoa F\u00edsica<\/h4>\n\n\n\n<ul><li>C\u00f3pia da identidade;<\/li><li>C\u00f3pia do CPF;<\/li><li>C\u00f3pia da prova de quita\u00e7\u00e3o com o Servi\u00e7o Militar Obrigat\u00f3rio (exceto para estrangeiros e maiores de 45 anos);<\/li><li>C\u00f3pia do t\u00edtulo de eleitor e do comprovante de voto da \u00faltima elei\u00e7\u00e3o do TRE, informando que o eleitor est\u00e1 quite co a justi\u00e7a eleitoral (exceto para estrangeiros);<\/li><li>01 foto 3&#215;4;<\/li><li>C\u00f3pia do comprovante de resid\u00eancia.<\/li><\/ul>\n\n\n\n<h4>Pessoa Jur\u00eddica<\/h4>\n\n\n\n<ul><li> Prova da exist\u00eancia legal:<\/li><li>C\u00f3pia do Contrato Social e \u00a0Altera\u00e7\u00f5es Contratuais consolidadas e CNPJ;<\/li><li>C\u00f3pias da identidade e do CPF de todos os s\u00f3cios;<\/li><li>C\u00f3pias do comprovante de resid\u00eancia de todos os s\u00f3cios;<\/li><li>Declara\u00e7\u00e3o da Indica\u00e7\u00e3o de Respons\u00e1vel T\u00e9cnico assinada por todos os s\u00f3cios com a concord\u00e2ncia do indicado;<\/li><li>C\u00f3pias do Alvar\u00e1 e ISS.<\/li><\/ul>\n\n\n\n<h4>Respons\u00e1vel T\u00e9cnico<\/h4>\n\n\n\n<ul><li>C\u00f3pia da identidade;<\/li><li>C\u00f3pia do CPF;<\/li><li>C\u00f3pia da prova de quita\u00e7\u00e3o com o Servi\u00e7o Militar Obrigat\u00f3rio (exceto para estrangeiros e maiores de 45 anos);<\/li><li>C\u00f3pia do t\u00edtulo de eleitor e do comprovante de voto da \u00faltima elei\u00e7\u00e3o do TRE, informando que o eleitor est\u00e1 quite com a justi\u00e7a eleitoral (exceto para estrangeiros);<\/li><li>01 foto 3&#215;4;<\/li><li>C\u00f3pia do comprovante de resid\u00eancia;<\/li><li>Declara\u00e7\u00e3o da Indica\u00e7\u00e3o de Respons\u00e1vel T\u00e9cnico assinada por todos os s\u00f3cios com a concord\u00e2ncia do indicado.<\/li><\/ul>\n\n\n\n<h4>Empres\u00e1rio Individual<\/h4>\n\n\n\n<ul><li>Prova da exist\u00eancia legal;<\/li><li>C\u00f3pia \u00a0do Requerimento do Empres\u00e1rio Individual e CNPJ;<\/li><li>C\u00f3pia da identidade;<\/li><li>C\u00f3pia do CPF;<\/li><li>C\u00f3pia da prova de quita\u00e7\u00e3o com o Servi\u00e7o Militar Obrigat\u00f3rio (exceto para estrangeiros e maiores de 45 anos);<\/li><li>C\u00f3pia do t\u00edtulo de eleitor e do comprovante de voto da \u00faltima elei\u00e7\u00e3o do TRE, informando que o eleitor est\u00e1 quite com a justi\u00e7a eleitoral (exceto para estrangeiros);<\/li><li>C\u00f3pia do comprovante de resid\u00eancia.<\/li><\/ul>\n","protected":false},"excerpt":{"rendered":"<p>Pessoa F\u00edsica C\u00f3pia da identidade; C\u00f3pia do CPF; C\u00f3pia da prova de quita\u00e7\u00e3o com o Servi\u00e7o Militar Obrigat\u00f3rio (exceto para estrangeiros e maiores de 45 anos); C\u00f3pia do t\u00edtulo de eleitor e do comprovante de voto da \u00faltima elei\u00e7\u00e3o do TRE, informando que o eleitor est\u00e1 quite co a justi\u00e7a eleitoral (exceto para estrangeiros); 01 &hellip; <\/p>\n<p class=\"link-more\"><a href=\"https:\/\/www.confere.org.br\/wordpress\/qual-a-documentacao-necessaria-para-realizar-o-registro-no-core-pessoa-natural-e-sociedade\/\" class=\"more-link\">Continue lendo<span class=\"screen-reader-text\"> &#8220;Qual a documenta\u00e7\u00e3o necess\u00e1ria para realizar o registro no Core (pessoa natural e sociedade)?&#8221;<\/span><\/a><\/p>\n","protected":false},"author":1,"featured_media":0,"comment_status":"closed","ping_status":"open","sticky":false,"template":"","format":"standard","meta":[],"categories":[30],"tags":[],"_links":{"self":[{"href":"https:\/\/www.confere.org.br\/wordpress\/wp-json\/wp\/v2\/posts\/477"}],"collection":[{"href":"https:\/\/www.confere.org.br\/wordpress\/wp-json\/wp\/v2\/posts"}],"about":[{"href":"https:\/\/www.confere.org.br\/wordpress\/wp-json\/wp\/v2\/types\/post"}],"author":[{"embeddable":true,"href":"https:\/\/www.confere.org.br\/wordpress\/wp-json\/wp\/v2\/users\/1"}],"replies":[{"embeddable":true,"href":"https:\/\/www.confere.org.br\/wordpress\/wp-json\/wp\/v2\/comments?post=477"}],"version-history":[{"count":5,"href":"https:\/\/www.confere.org.br\/wordpress\/wp-json\/wp\/v2\/posts\/477\/revisions"}],"predecessor-version":[{"id":8146,"href":"https:\/\/www.confere.org.br\/wordpress\/wp-json\/wp\/v2\/posts\/477\/revisions\/8146"}],"wp:attachment":[{"href":"https:\/\/www.confere.org.br\/wordpress\/wp-json\/wp\/v2\/media?parent=477"}],"wp:term":[{"taxonomy":"category","embeddable":true,"href":"https:\/\/www.confere.org.br\/wordpress\/wp-json\/wp\/v2\/categories?post=477"},{"taxonomy":"post_tag","embeddable":true,"href":"https:\/\/www.confere.org.br\/wordpress\/wp-json\/wp\/v2\/tags?post=477"}],"curies":[{"name":"wp","href":"https:\/\/api.w.org\/{rel}","templated":true}]}}