{"id":479,"date":"2019-10-09T16:32:38","date_gmt":"2019-10-09T19:32:38","guid":{"rendered":"http:\/\/www.confere.org.br\/wordpress\/?p=479"},"modified":"2021-01-28T16:24:46","modified_gmt":"2021-01-28T18:24:46","slug":"como-localizar-o-endereco-e-o-telefone-do-conselho-regional","status":"publish","type":"post","link":"https:\/\/www.confere.org.br\/wordpress\/como-localizar-o-endereco-e-o-telefone-do-conselho-regional\/","title":{"rendered":"Como localizar o endere\u00e7o e o telefone do Conselho Regional?"},"content":{"rendered":"\r\n<ul>\r\n<li>Acesse o Menu Institucional<\/li>\r\n<li>Clique na op\u00e7\u00e3o <a href=\"https:\/\/www.confere.org.br\/enderecos.php\" target=\"_blank\" rel=\"noreferrer noopener\" aria-label=\"Endere\u00e7o dos Regionais (abre numa nova aba)\">Endere\u00e7o dos Regionais<\/a><\/li>\r\n<\/ul>\r\n\r\n\r\n\r\n<p>&nbsp;<\/p>\r\n\r\n<p>&nbsp;<\/p>","protected":false},"excerpt":{"rendered":"<p>Acesse o Menu Institucional Clique na op\u00e7\u00e3o Endere\u00e7o dos Regionais &nbsp; &nbsp;<\/p>\n","protected":false},"author":1,"featured_media":0,"comment_status":"closed","ping_status":"open","sticky":false,"template":"","format":"standard","meta":[],"categories":[30],"tags":[],"_links":{"self":[{"href":"https:\/\/www.confere.org.br\/wordpress\/wp-json\/wp\/v2\/posts\/479"}],"collection":[{"href":"https:\/\/www.confere.org.br\/wordpress\/wp-json\/wp\/v2\/posts"}],"about":[{"href":"https:\/\/www.confere.org.br\/wordpress\/wp-json\/wp\/v2\/types\/post"}],"author":[{"embeddable":true,"href":"https:\/\/www.confere.org.br\/wordpress\/wp-json\/wp\/v2\/users\/1"}],"replies":[{"embeddable":true,"href":"https:\/\/www.confere.org.br\/wordpress\/wp-json\/wp\/v2\/comments?post=479"}],"version-history":[{"count":3,"href":"https:\/\/www.confere.org.br\/wordpress\/wp-json\/wp\/v2\/posts\/479\/revisions"}],"predecessor-version":[{"id":4125,"href":"https:\/\/www.confere.org.br\/wordpress\/wp-json\/wp\/v2\/posts\/479\/revisions\/4125"}],"wp:attachment":[{"href":"https:\/\/www.confere.org.br\/wordpress\/wp-json\/wp\/v2\/media?parent=479"}],"wp:term":[{"taxonomy":"category","embeddable":true,"href":"https:\/\/www.confere.org.br\/wordpress\/wp-json\/wp\/v2\/categories?post=479"},{"taxonomy":"post_tag","embeddable":true,"href":"https:\/\/www.confere.org.br\/wordpress\/wp-json\/wp\/v2\/tags?post=479"}],"curies":[{"name":"wp","href":"https:\/\/api.w.org\/{rel}","templated":true}]}}