{"id":481,"date":"2019-10-09T16:33:05","date_gmt":"2019-10-09T19:33:05","guid":{"rendered":"http:\/\/www.confere.org.br\/wordpress\/?p=481"},"modified":"2020-02-18T15:01:41","modified_gmt":"2020-02-18T18:01:41","slug":"como-visualizar-anuncio-de-oportunidade-de-negocios-no-site-do-confere","status":"publish","type":"post","link":"https:\/\/www.confere.org.br\/wordpress\/como-visualizar-anuncio-de-oportunidade-de-negocios-no-site-do-confere\/","title":{"rendered":"Como visualizar an\u00fancio de oportunidade de neg\u00f3cios no site do Confere?"},"content":{"rendered":"\n<ul><li>Acesse o Menu Representante Comercial<\/li><li>Depois clique na op\u00e7\u00e3o <a href=\"https:\/\/www.confere.org.br\/oportunidades_negocios.php\">Oportunidades de Neg\u00f3cios<\/a><\/li><li>Nessa p\u00e1gina \u00e9 poss\u00edvel visualizar as oportunidades e, se for empresa, tamb\u00e9m, cadastrar novas oportunidades.<\/li><\/ul>\n","protected":false},"excerpt":{"rendered":"<p>Acesse o Menu Representante Comercial Depois clique na op\u00e7\u00e3o Oportunidades de Neg\u00f3cios Nessa p\u00e1gina \u00e9 poss\u00edvel visualizar as oportunidades e, se for empresa, tamb\u00e9m, cadastrar novas oportunidades.<\/p>\n","protected":false},"author":1,"featured_media":0,"comment_status":"closed","ping_status":"open","sticky":false,"template":"","format":"standard","meta":[],"categories":[30],"tags":[],"_links":{"self":[{"href":"https:\/\/www.confere.org.br\/wordpress\/wp-json\/wp\/v2\/posts\/481"}],"collection":[{"href":"https:\/\/www.confere.org.br\/wordpress\/wp-json\/wp\/v2\/posts"}],"about":[{"href":"https:\/\/www.confere.org.br\/wordpress\/wp-json\/wp\/v2\/types\/post"}],"author":[{"embeddable":true,"href":"https:\/\/www.confere.org.br\/wordpress\/wp-json\/wp\/v2\/users\/1"}],"replies":[{"embeddable":true,"href":"https:\/\/www.confere.org.br\/wordpress\/wp-json\/wp\/v2\/comments?post=481"}],"version-history":[{"count":3,"href":"https:\/\/www.confere.org.br\/wordpress\/wp-json\/wp\/v2\/posts\/481\/revisions"}],"predecessor-version":[{"id":2469,"href":"https:\/\/www.confere.org.br\/wordpress\/wp-json\/wp\/v2\/posts\/481\/revisions\/2469"}],"wp:attachment":[{"href":"https:\/\/www.confere.org.br\/wordpress\/wp-json\/wp\/v2\/media?parent=481"}],"wp:term":[{"taxonomy":"category","embeddable":true,"href":"https:\/\/www.confere.org.br\/wordpress\/wp-json\/wp\/v2\/categories?post=481"},{"taxonomy":"post_tag","embeddable":true,"href":"https:\/\/www.confere.org.br\/wordpress\/wp-json\/wp\/v2\/tags?post=481"}],"curies":[{"name":"wp","href":"https:\/\/api.w.org\/{rel}","templated":true}]}}