{"id":534,"date":"2019-10-21T15:21:11","date_gmt":"2019-10-21T18:21:11","guid":{"rendered":"http:\/\/www.confere.org.br\/wordpress\/?p=534"},"modified":"2019-10-21T15:23:19","modified_gmt":"2019-10-21T18:23:19","slug":"senado-deve-dar-alivio-de-r-42-bilhoes-a-estados-e-municipios","status":"publish","type":"post","link":"https:\/\/www.confere.org.br\/wordpress\/senado-deve-dar-alivio-de-r-42-bilhoes-a-estados-e-municipios\/","title":{"rendered":"Senado deve dar al\u00edvio de R$ 42 bilh\u00f5es a estados e munic\u00edpios"},"content":{"rendered":"\n<p>As estimativas de infla\u00e7\u00e3o recuaram na pesquisa\nFocus divulgada pelo Banco Central (BC) nesta segunda-feira, levando o grupo\nque mais acerta as previs\u00f5es, o chamado Top 5, a reduzir ainda mais a\nexpectativa para a taxa b\u00e1sica de juros neste ano.<\/p>\n\n\n\n<p>O Top-5 estima a taxa b\u00e1sica, a Selic , a 4,50% em\n2019, ante 4,75% na semana anterior, permanecendo nesse patamar em 2020.<\/p>\n\n\n\n<p>Considerando todos os economistas ouvidos, a\nprevis\u00e3o para a Selic est\u00e1 em 4,75% neste ano, mas a estimativa caiu a 4,75%\ntamb\u00e9m em 2020. Na semana anterior, a proje\u00e7\u00e3o era de 5% para o ano que vem.<\/p>\n\n\n\n<p>O levantamento semanal apontou que a expectativa\npara a alta do IPCA neste ano caiu a 3,28%, de 3,42% antes. Foi a d\u00e9cima queda\nseguida do indicador. Para 2020 a conta foi reduzida em 0,05 ponto percentual,\na 3,73%.<\/p>\n\n\n\n<p>As previs\u00f5es foram divulgadas poucos dias ap\u00f3s o\nIBGE ter anunciado mudan\u00e7as na estrutura de c\u00e1lculo do IPCA. A partir de 2020,\no grupo Transportes ter\u00e1 mais peso na infla\u00e7\u00e3o do que o grupo Alimenta\u00e7\u00e3o,\ntornando-se o principal componente da infla\u00e7\u00e3o oficial brasileira. Al\u00e9m disso,\nforam, inclu\u00eddos no c\u00e1lculo servi\u00e7os como Uber e Netflix.<\/p>\n\n\n\n<p>O centro da meta oficial de 2019 \u00e9 de 4,25% e, de\n2020, de 4%, ambos com margem de toler\u00e2ncia de 1,5 ponto para mais ou menos.<\/p>\n\n\n\n<p class=\"has-small-font-size\">Fonte: www.extra.globo.com<\/p>\n","protected":false},"excerpt":{"rendered":"<p>As previs\u00f5es foram divulgadas poucos dias ap\u00f3s o IBGE ter anunciado mudan\u00e7as na estrutura de c\u00e1lculo do IPCA.<\/p>\n","protected":false},"author":1,"featured_media":537,"comment_status":"closed","ping_status":"open","sticky":false,"template":"","format":"standard","meta":[],"categories":[2],"tags":[],"_links":{"self":[{"href":"https:\/\/www.confere.org.br\/wordpress\/wp-json\/wp\/v2\/posts\/534"}],"collection":[{"href":"https:\/\/www.confere.org.br\/wordpress\/wp-json\/wp\/v2\/posts"}],"about":[{"href":"https:\/\/www.confere.org.br\/wordpress\/wp-json\/wp\/v2\/types\/post"}],"author":[{"embeddable":true,"href":"https:\/\/www.confere.org.br\/wordpress\/wp-json\/wp\/v2\/users\/1"}],"replies":[{"embeddable":true,"href":"https:\/\/www.confere.org.br\/wordpress\/wp-json\/wp\/v2\/comments?post=534"}],"version-history":[{"count":2,"href":"https:\/\/www.confere.org.br\/wordpress\/wp-json\/wp\/v2\/posts\/534\/revisions"}],"predecessor-version":[{"id":538,"href":"https:\/\/www.confere.org.br\/wordpress\/wp-json\/wp\/v2\/posts\/534\/revisions\/538"}],"wp:featuredmedia":[{"embeddable":true,"href":"https:\/\/www.confere.org.br\/wordpress\/wp-json\/wp\/v2\/media\/537"}],"wp:attachment":[{"href":"https:\/\/www.confere.org.br\/wordpress\/wp-json\/wp\/v2\/media?parent=534"}],"wp:term":[{"taxonomy":"category","embeddable":true,"href":"https:\/\/www.confere.org.br\/wordpress\/wp-json\/wp\/v2\/categories?post=534"},{"taxonomy":"post_tag","embeddable":true,"href":"https:\/\/www.confere.org.br\/wordpress\/wp-json\/wp\/v2\/tags?post=534"}],"curies":[{"name":"wp","href":"https:\/\/api.w.org\/{rel}","templated":true}]}}