{"id":539,"date":"2019-10-21T15:41:51","date_gmt":"2019-10-21T18:41:51","guid":{"rendered":"http:\/\/www.confere.org.br\/wordpress\/?p=539"},"modified":"2019-10-21T15:41:52","modified_gmt":"2019-10-21T18:41:52","slug":"brasil-tem-maior-deficit-em-transacoes-correntes-para-agosto-em-5-anos-de-us4274-bi","status":"publish","type":"post","link":"https:\/\/www.confere.org.br\/wordpress\/brasil-tem-maior-deficit-em-transacoes-correntes-para-agosto-em-5-anos-de-us4274-bi\/","title":{"rendered":"Brasil tem maior d\u00e9ficit em transa\u00e7\u00f5es correntes para agosto em 5 anos, de US$4,274 bi"},"content":{"rendered":"\n<p>O Brasil teve d\u00e9ficit em transa\u00e7\u00f5es correntes de\n4,274 bilh\u00f5es de d\u00f3lares em agosto, desempenho mais fraco que o esperado e\nafetado sobretudo pelo aumento na remessa de lucros e dividendos para o\nexterior.<\/p>\n\n\n\n<p>Em pesquisa Reuters com analistas, a expectativa\nera de um d\u00e9ficit de 3,96 bilh\u00f5es de d\u00f3lares. O dado efetivo foi o mais fraco\npara o m\u00eas desde 2014 (-5,998 bilh\u00f5es de d\u00f3lares).<\/p>\n\n\n\n<p>J\u00e1 os investimentos diretos no pa\u00eds (IDP) superaram\nas proje\u00e7\u00f5es, alcan\u00e7ando 9,47 bilh\u00f5es de d\u00f3lares no m\u00eas, ante estimativa de 6\nbilh\u00f5es de d\u00f3lares.<\/p>\n\n\n\n<p>Em agosto, a conta de renda prim\u00e1ria ficou negativa\nem 4,727 bilh\u00f5es de d\u00f3lares, num rombo mais de quatro vezes superior ao\nregistrado em igual m\u00eas de 2018.<\/p>\n\n\n\n<p>A diferen\u00e7a veio principalmente da remessa l\u00edquida\nde lucros e dividendos, que chegou a 3,433 bilh\u00f5es de d\u00f3lares, contra apenas\n464 milh\u00f5es de d\u00f3lares um ano antes.<\/p>\n\n\n\n<p>O BC ressaltou que essa conta refletiu\nfundamentalmente um aumento das despesas brutas de lucros remetidos, de 804\nmilh\u00f5es de d\u00f3lares em agosto do ano passado para 1,9 bilh\u00e3o no mesmo m\u00eas deste\nano. Tamb\u00e9m contribuindo para essa performance, houve recuo na receita de\nlucros reinvestidos, de 1,6 bilh\u00e3o de d\u00f3lares para 157 milh\u00f5es de d\u00f3lares, na\nmesma base de compara\u00e7\u00e3o.<\/p>\n\n\n\n<p>Enquanto isso, a balan\u00e7a comercial teve acr\u00e9scimo\nde 14,5% em agosto sobre um ano antes, a 2,664 bilh\u00f5es de d\u00f3lares. J\u00e1 as\ndespesas l\u00edquidas com viagens internacionais ca\u00edram a 846 milh\u00f5es de d\u00f3lares,\nante 900 milh\u00f5es de d\u00f3lares em agosto de 2018.<\/p>\n\n\n\n<p>Nos oito primeiros meses do ano, o d\u00e9ficit em\ntransa\u00e7\u00f5es correntes alcan\u00e7ou 30,277 bilh\u00f5es de d\u00f3lares, alta de 38% sobre\nigual per\u00edodo do ano passado.<\/p>\n\n\n\n<p>Para o ano, a expectativa tra\u00e7ada em junho pelo BC\nera de que o rombo em transa\u00e7\u00f5es correntes seria de 19,3 bilh\u00f5es em 2019.\nContudo, diante do desempenho registrado at\u00e9 aqui, o BC dever\u00e1 revisar sua\nproje\u00e7\u00e3o nesta semana, no Relat\u00f3rio Trimestral de Infla\u00e7\u00e3o.<\/p>\n\n\n\n<p>Nos 12 meses at\u00e9 agosto, o d\u00e9ficit em transa\u00e7\u00f5es\ncorrentes \u00e9 de 33,852 bilh\u00f5es de d\u00f3lares, equivalente a 1,84% do Produto\nInterno Bruto (PIB) e no patamar mais alto desde mar\u00e7o de 2016 (2,11%).<\/p>\n\n\n\n<p>O dado incorpora tamb\u00e9m uma revis\u00e3o metodol\u00f3gica\nfeita pelo BC para passar a abarcar dados referentes \u00e0s receitas de exporta\u00e7\u00e3o\nmantidas no exterior. Antes, a aus\u00eancia desses dados culminava em\nsuperestima\u00e7\u00e3o do cr\u00e9dito comercial ativo, dada a subestima\u00e7\u00e3o do fluxo\nfinanceiro, ressaltou o BC.<\/p>\n\n\n\n<p>Como fruto da mudan\u00e7a, os novos n\u00fameros do BC\npassaram a refletir um d\u00e9ficit maior em transa\u00e7\u00f5es correntes. No dado fechado\nde 2018, por exemplo, o d\u00e9ficit agora \u00e9 apontado em 21,945 bilh\u00f5es de d\u00f3lares,\nfrente a um patamar de 14,970 bilh\u00f5es de d\u00f3lares divulgado antes.<\/p>\n\n\n\n<p>A revis\u00e3o, que afetou os dados a partir de 2015,\ntamb\u00e9m implicou diminui\u00e7\u00e3o no IDP do ano passado, agora calculado em 76,817\nbilh\u00f5es de d\u00f3lares, contra 88,324 bilh\u00f5es de d\u00f3lares anteriormente.<\/p>\n\n\n\n<p>Questionado se isso denotava uma situa\u00e7\u00e3o pior das\ncontas externas brasileiras que o imaginado, o chefe do Departamento de\nEstat\u00edsticas do BC, Fernando Rocha, avaliou que n\u00e3o.<\/p>\n\n\n\n<p>&#8220;(Sobre a) sustentabilidade das contas\nexternas, acho que isso continua inalterado &#8230; com d\u00e9ficits em transa\u00e7\u00f5es\ncorrentes baixos sendo inteiramente cobertos por investimentos diretos no\npa\u00eds&#8221;, disse.<\/p>\n\n\n\n<p class=\"has-small-font-size\">Fonte: Reuters (Bras\u00edlia)<\/p>\n","protected":false},"excerpt":{"rendered":"<p>Em agosto, a conta de renda prim\u00e1ria ficou negativa em 4,727 bilh\u00f5es de d\u00f3lares, num rombo mais de quatro vezes superior ao registrado em igual m\u00eas de 2018.<\/p>\n","protected":false},"author":1,"featured_media":540,"comment_status":"closed","ping_status":"open","sticky":false,"template":"","format":"standard","meta":[],"categories":[2],"tags":[],"_links":{"self":[{"href":"https:\/\/www.confere.org.br\/wordpress\/wp-json\/wp\/v2\/posts\/539"}],"collection":[{"href":"https:\/\/www.confere.org.br\/wordpress\/wp-json\/wp\/v2\/posts"}],"about":[{"href":"https:\/\/www.confere.org.br\/wordpress\/wp-json\/wp\/v2\/types\/post"}],"author":[{"embeddable":true,"href":"https:\/\/www.confere.org.br\/wordpress\/wp-json\/wp\/v2\/users\/1"}],"replies":[{"embeddable":true,"href":"https:\/\/www.confere.org.br\/wordpress\/wp-json\/wp\/v2\/comments?post=539"}],"version-history":[{"count":1,"href":"https:\/\/www.confere.org.br\/wordpress\/wp-json\/wp\/v2\/posts\/539\/revisions"}],"predecessor-version":[{"id":541,"href":"https:\/\/www.confere.org.br\/wordpress\/wp-json\/wp\/v2\/posts\/539\/revisions\/541"}],"wp:featuredmedia":[{"embeddable":true,"href":"https:\/\/www.confere.org.br\/wordpress\/wp-json\/wp\/v2\/media\/540"}],"wp:attachment":[{"href":"https:\/\/www.confere.org.br\/wordpress\/wp-json\/wp\/v2\/media?parent=539"}],"wp:term":[{"taxonomy":"category","embeddable":true,"href":"https:\/\/www.confere.org.br\/wordpress\/wp-json\/wp\/v2\/categories?post=539"},{"taxonomy":"post_tag","embeddable":true,"href":"https:\/\/www.confere.org.br\/wordpress\/wp-json\/wp\/v2\/tags?post=539"}],"curies":[{"name":"wp","href":"https:\/\/api.w.org\/{rel}","templated":true}]}}